{"id":624,"date":"2016-02-10T01:33:01","date_gmt":"2016-02-10T01:33:01","guid":{"rendered":"http:\/\/cartografiadadancadoacre.com.br\/?p=624"},"modified":"2017-09-17T00:15:00","modified_gmt":"2017-09-17T00:15:00","slug":"a-historia-de-rute-e-noemi","status":"publish","type":"post","link":"https:\/\/cartografiadadancadoacre.com.br\/?p=624","title":{"rendered":"A Hist\u00f3ria de Rute e Noemi (2014)"},"content":{"rendered":"<p><a href=\"http:\/\/cartografiadadancadoacre.com.br\/?p=185\">Escola de Dan\u00e7a Adorai<\/a><\/p>\n<hr \/>\n<h1>SINOPSE<\/h1>\n<p>A hist\u00f3ria de Rute e Noemi, relata a valorosa decis\u00e3o da vi\u00fava jovem Rute acompanhar sua sogra Noemi depois da morte dos homens da fam\u00edlia. Em uma terra distante e longe de seus costumes, Rute ent\u00e3o precisa trabalhar nos campos de um rico fazendeiro chamado boas parente pr\u00f3ximo de sua sogra Noemi, que por costume da \u00e9poca torna-se de Rute e Noemi narra o que acontece quando pessoas comuns adoram e obedecem a Deus.<\/p>\n<p>FONTE: Texto fornecido por L\u00edvia Teodoro e Angeani Macedo (Escola de Dan\u00e7a Adorai)<\/p>\n<h1>FICHA T\u00c9CNICA<\/h1>\n<p>Bailarinos: Alunos da escola<br \/>\nCoordena\u00e7\u00e3o Geral: Angeani Macedo e L\u00edvia Teodoro<br \/>\nProfessoras: L\u00edvia Teodoro e Angeani Macedo<br \/>\nInstrutora: Fab\u00edola Macedo<br \/>\nEnsaios: Angeani Macedo, L\u00edvia Teodoro<br \/>\nCoreografias: Angeani Macedo e L\u00edvia Teodoro<br \/>\nCoreografia de Hip Hop: Sancl\u00e9 Regino<br \/>\nIlumina\u00e7\u00e3o: Lu\u00eds Carlos<br \/>\nMaquinista: Ricardo<br \/>\nConfec\u00e7\u00e3o\/Guarda-Roupa e adere\u00e7os: Tereza Ateli\u00ea e Raquel Teixeira<br \/>\nCenografia: Ulisses<\/p>\n<h1>FOTO<\/h1>\n\n\t\t<style type=\"text\/css\">\n\t\t\t#gallery-1 {\n\t\t\t\tmargin: auto;\n\t\t\t}\n\t\t\t#gallery-1 .gallery-item {\n\t\t\t\tfloat: left;\n\t\t\t\tmargin-top: 10px;\n\t\t\t\ttext-align: center;\n\t\t\t\twidth: 25%;\n\t\t\t}\n\t\t\t#gallery-1 img {\n\t\t\t\tborder: 2px solid #cfcfcf;\n\t\t\t}\n\t\t\t#gallery-1 .gallery-caption {\n\t\t\t\tmargin-left: 0;\n\t\t\t}\n\t\t\t\/* see gallery_shortcode() in wp-includes\/media.php *\/\n\t\t<\/style>\n\t\t<div id='gallery-1' class='gallery galleryid-624 gallery-columns-4 gallery-size-thumbnail'><dl class='gallery-item'>\n\t\t\t<dt class='gallery-icon landscape'>\n\t\t\t\t<a href='https:\/\/cartografiadadancadoacre.com.br\/wp-content\/uploads\/2016\/02\/adorai_ahistoriaderuteenomei_2014_foto05.jpg'><img loading=\"lazy\" decoding=\"async\" width=\"150\" height=\"150\" src=\"https:\/\/cartografiadadancadoacre.com.br\/wp-content\/uploads\/2016\/02\/adorai_ahistoriaderuteenomei_2014_foto05-150x150.jpg\" class=\"attachment-thumbnail size-thumbnail\" alt=\"\" \/><\/a>\n\t\t\t<\/dt><\/dl><dl class='gallery-item'>\n\t\t\t<dt class='gallery-icon landscape'>\n\t\t\t\t<a href='https:\/\/cartografiadadancadoacre.com.br\/wp-content\/uploads\/2016\/02\/adorai_ahistoriaderuteenomei_2014_foto04.jpg'><img loading=\"lazy\" decoding=\"async\" width=\"150\" height=\"150\" src=\"https:\/\/cartografiadadancadoacre.com.br\/wp-content\/uploads\/2016\/02\/adorai_ahistoriaderuteenomei_2014_foto04-150x150.jpg\" class=\"attachment-thumbnail size-thumbnail\" alt=\"\" \/><\/a>\n\t\t\t<\/dt><\/dl><dl class='gallery-item'>\n\t\t\t<dt class='gallery-icon landscape'>\n\t\t\t\t<a href='https:\/\/cartografiadadancadoacre.com.br\/wp-content\/uploads\/2016\/02\/adorai_ahistoriaderuteenomei_2014_foto03.jpg'><img loading=\"lazy\" decoding=\"async\" width=\"150\" height=\"150\" src=\"https:\/\/cartografiadadancadoacre.com.br\/wp-content\/uploads\/2016\/02\/adorai_ahistoriaderuteenomei_2014_foto03-150x150.jpg\" class=\"attachment-thumbnail size-thumbnail\" alt=\"\" \/><\/a>\n\t\t\t<\/dt><\/dl><dl class='gallery-item'>\n\t\t\t<dt class='gallery-icon landscape'>\n\t\t\t\t<a href='https:\/\/cartografiadadancadoacre.com.br\/wp-content\/uploads\/2016\/02\/adorai_ahistoriaderuteenomei_2014_foto02.jpg'><img loading=\"lazy\" decoding=\"async\" width=\"150\" height=\"150\" src=\"https:\/\/cartografiadadancadoacre.com.br\/wp-content\/uploads\/2016\/02\/adorai_ahistoriaderuteenomei_2014_foto02-150x150.jpg\" class=\"attachment-thumbnail size-thumbnail\" alt=\"\" \/><\/a>\n\t\t\t<\/dt><\/dl><br style=\"clear: both\" \/><dl class='gallery-item'>\n\t\t\t<dt class='gallery-icon landscape'>\n\t\t\t\t<a href='https:\/\/cartografiadadancadoacre.com.br\/wp-content\/uploads\/2016\/02\/adorai_ahistoriaderuteenomei_2014_foto01.jpg'><img loading=\"lazy\" decoding=\"async\" width=\"150\" height=\"150\" src=\"https:\/\/cartografiadadancadoacre.com.br\/wp-content\/uploads\/2016\/02\/adorai_ahistoriaderuteenomei_2014_foto01-150x150.jpg\" class=\"attachment-thumbnail size-thumbnail\" alt=\"\" \/><\/a>\n\t\t\t<\/dt><\/dl><dl class='gallery-item'>\n\t\t\t<dt class='gallery-icon portrait'>\n\t\t\t\t<a href='https:\/\/cartografiadadancadoacre.com.br\/wp-content\/uploads\/2016\/02\/espetaculoruteenoemi_adorai_foto-1.jpg'><img loading=\"lazy\" decoding=\"async\" width=\"150\" height=\"150\" src=\"https:\/\/cartografiadadancadoacre.com.br\/wp-content\/uploads\/2016\/02\/espetaculoruteenoemi_adorai_foto-1-150x150.jpg\" class=\"attachment-thumbnail size-thumbnail\" alt=\"\" \/><\/a>\n\t\t\t<\/dt><\/dl><dl class='gallery-item'>\n\t\t\t<dt class='gallery-icon landscape'>\n\t\t\t\t<a href='https:\/\/cartografiadadancadoacre.com.br\/wp-content\/uploads\/2016\/02\/espetaculoruteenoemi_adorai_foto-2.jpg'><img loading=\"lazy\" decoding=\"async\" width=\"150\" height=\"150\" src=\"https:\/\/cartografiadadancadoacre.com.br\/wp-content\/uploads\/2016\/02\/espetaculoruteenoemi_adorai_foto-2-150x150.jpg\" class=\"attachment-thumbnail size-thumbnail\" alt=\"\" \/><\/a>\n\t\t\t<\/dt><\/dl><dl class='gallery-item'>\n\t\t\t<dt class='gallery-icon landscape'>\n\t\t\t\t<a href='https:\/\/cartografiadadancadoacre.com.br\/wp-content\/uploads\/2016\/02\/espetaculoruteenoemi_adorai_foto-3.jpg'><img loading=\"lazy\" decoding=\"async\" width=\"150\" height=\"150\" src=\"https:\/\/cartografiadadancadoacre.com.br\/wp-content\/uploads\/2016\/02\/espetaculoruteenoemi_adorai_foto-3-150x150.jpg\" class=\"attachment-thumbnail size-thumbnail\" alt=\"\" \/><\/a>\n\t\t\t<\/dt><\/dl><br style=\"clear: both\" \/><dl class='gallery-item'>\n\t\t\t<dt class='gallery-icon portrait'>\n\t\t\t\t<a href='https:\/\/cartografiadadancadoacre.com.br\/wp-content\/uploads\/2016\/02\/espetaculoruteenoemi_adorai_foto-4.jpg'><img loading=\"lazy\" decoding=\"async\" width=\"150\" height=\"150\" src=\"https:\/\/cartografiadadancadoacre.com.br\/wp-content\/uploads\/2016\/02\/espetaculoruteenoemi_adorai_foto-4-150x150.jpg\" class=\"attachment-thumbnail size-thumbnail\" alt=\"\" \/><\/a>\n\t\t\t<\/dt><\/dl><dl class='gallery-item'>\n\t\t\t<dt class='gallery-icon landscape'>\n\t\t\t\t<a href='https:\/\/cartografiadadancadoacre.com.br\/wp-content\/uploads\/2016\/02\/rute-e-noemi-3.jpg'><img loading=\"lazy\" decoding=\"async\" width=\"150\" height=\"150\" src=\"https:\/\/cartografiadadancadoacre.com.br\/wp-content\/uploads\/2016\/02\/rute-e-noemi-3-150x150.jpg\" class=\"attachment-thumbnail size-thumbnail\" alt=\"\" \/><\/a>\n\t\t\t<\/dt><\/dl><dl class='gallery-item'>\n\t\t\t<dt class='gallery-icon landscape'>\n\t\t\t\t<a href='https:\/\/cartografiadadancadoacre.com.br\/wp-content\/uploads\/2016\/02\/espetaculoruteenoemi_adorai_foto-5.jpg'><img loading=\"lazy\" decoding=\"async\" width=\"150\" height=\"150\" src=\"https:\/\/cartografiadadancadoacre.com.br\/wp-content\/uploads\/2016\/02\/espetaculoruteenoemi_adorai_foto-5-150x150.jpg\" class=\"attachment-thumbnail size-thumbnail\" alt=\"\" \/><\/a>\n\t\t\t<\/dt><\/dl><dl class='gallery-item'>\n\t\t\t<dt class='gallery-icon landscape'>\n\t\t\t\t<a href='https:\/\/cartografiadadancadoacre.com.br\/wp-content\/uploads\/2016\/02\/espetaculoruteenoemi_adorai_foto-6.jpg'><img loading=\"lazy\" decoding=\"async\" width=\"150\" height=\"150\" src=\"https:\/\/cartografiadadancadoacre.com.br\/wp-content\/uploads\/2016\/02\/espetaculoruteenoemi_adorai_foto-6-150x150.jpg\" class=\"attachment-thumbnail size-thumbnail\" alt=\"\" \/><\/a>\n\t\t\t<\/dt><\/dl><br style=\"clear: both\" \/><dl class='gallery-item'>\n\t\t\t<dt class='gallery-icon landscape'>\n\t\t\t\t<a href='https:\/\/cartografiadadancadoacre.com.br\/wp-content\/uploads\/2016\/02\/espetaculoruteenoemi_adorai_foto-7.jpg'><img loading=\"lazy\" decoding=\"async\" width=\"150\" height=\"150\" src=\"https:\/\/cartografiadadancadoacre.com.br\/wp-content\/uploads\/2016\/02\/espetaculoruteenoemi_adorai_foto-7-150x150.jpg\" class=\"attachment-thumbnail size-thumbnail\" alt=\"\" \/><\/a>\n\t\t\t<\/dt><\/dl>\n\t\t\t<br style='clear: both' \/>\n\t\t<\/div>\n\n<p style=\"text-align: center;\"><span id=\"m_4650315354493649781yui_3_16_0_ym19_1_1503607540178_18452\">OBS: Todas as fotos foram doadas por artistas da cidade ao acervo.<\/span>\u00a0Caso reconhe\u00e7a o autor de alguma dessas fotos, por favor, entre em contato conosco, pois \u00e9 nosso interesse registrar e resguardar os direitos dos profissionais.<\/p>\n<h1>V\u00cdDEOS<\/h1>\n<p><iframe loading=\"lazy\" src=\"https:\/\/player.vimeo.com\/video\/153868131\" width=\"640\" height=\"480\" frameborder=\"0\" title=\"6 ESPET&Aacute;CULO A HIST&Oacute;RIA DE RUTE E NOEMI_2014_ADORAI_VIDEO\" webkitallowfullscreen mozallowfullscreen allowfullscreen><\/iframe><\/p>\n<h1>PE\u00c7AS GR\u00c1FICAS<\/h1>\n<p><a href=\"http:\/\/cartografiadadancadoacre.com.br\/wp-content\/uploads\/2016\/02\/adorai_ahistoriaderuteenomei_2014_cartaz.jpg\" rel=\"attachment wp-att-630\"><img loading=\"lazy\" decoding=\"async\" class=\"alignnone size-medium wp-image-630\" src=\"http:\/\/cartografiadadancadoacre.com.br\/wp-content\/uploads\/2016\/02\/adorai_ahistoriaderuteenomei_2014_cartaz-300x212.jpg\" alt=\"adorai_ahistoriaderuteenomei_2014_cartaz\" width=\"300\" height=\"212\" srcset=\"https:\/\/cartografiadadancadoacre.com.br\/wp-content\/uploads\/2016\/02\/adorai_ahistoriaderuteenomei_2014_cartaz-300x212.jpg 300w, https:\/\/cartografiadadancadoacre.com.br\/wp-content\/uploads\/2016\/02\/adorai_ahistoriaderuteenomei_2014_cartaz-768x543.jpg 768w, https:\/\/cartografiadadancadoacre.com.br\/wp-content\/uploads\/2016\/02\/adorai_ahistoriaderuteenomei_2014_cartaz-1024x724.jpg 1024w, https:\/\/cartografiadadancadoacre.com.br\/wp-content\/uploads\/2016\/02\/adorai_ahistoriaderuteenomei_2014_cartaz-400x284.jpg 400w, https:\/\/cartografiadadancadoacre.com.br\/wp-content\/uploads\/2016\/02\/adorai_ahistoriaderuteenomei_2014_cartaz-1080x764.jpg 1080w, https:\/\/cartografiadadancadoacre.com.br\/wp-content\/uploads\/2016\/02\/adorai_ahistoriaderuteenomei_2014_cartaz.jpg 1512w\" sizes=\"(max-width: 300px) 100vw, 300px\" \/><\/a><\/p>\n<p><a href=\"http:\/\/cartografiadadancadoacre.com.br\/wp-content\/uploads\/2016\/02\/adorai_ahistoriaderuteenomei_2014_folder.jpg\" rel=\"attachment wp-att-631\"><img loading=\"lazy\" decoding=\"async\" class=\"alignnone wp-image-631 size-large\" src=\"http:\/\/cartografiadadancadoacre.com.br\/wp-content\/uploads\/2016\/02\/adorai_ahistoriaderuteenomei_2014_folder-1024x351.jpg\" alt=\"adorai_ahistoriaderuteenomei_2014_folder\" width=\"1024\" height=\"351\" srcset=\"https:\/\/cartografiadadancadoacre.com.br\/wp-content\/uploads\/2016\/02\/adorai_ahistoriaderuteenomei_2014_folder-1024x351.jpg 1024w, https:\/\/cartografiadadancadoacre.com.br\/wp-content\/uploads\/2016\/02\/adorai_ahistoriaderuteenomei_2014_folder-300x103.jpg 300w, https:\/\/cartografiadadancadoacre.com.br\/wp-content\/uploads\/2016\/02\/adorai_ahistoriaderuteenomei_2014_folder-768x263.jpg 768w, https:\/\/cartografiadadancadoacre.com.br\/wp-content\/uploads\/2016\/02\/adorai_ahistoriaderuteenomei_2014_folder-1080x370.jpg 1080w\" sizes=\"(max-width: 1024px) 100vw, 1024px\" \/><\/a><\/p>\n<h1>LINKS<\/h1>\n<p><a href=\"https:\/\/www.facebook.com\/Escola.adorai\" target=\"_blank\" rel=\"noopener noreferrer\">https:\/\/www.facebook.com\/Escola.adorai<\/a><\/p>\n<h1>MATERIAL NA IMPRENSA<\/h1>\n<p>Em constru\u00e7\u00e3o.<\/p>\n","protected":false},"excerpt":{"rendered":"<p>Escola de Dan\u00e7a Adorai SINOPSE A hist\u00f3ria de Rute e Noemi, relata a valorosa decis\u00e3o da vi\u00fava jovem Rute acompanhar sua sogra Noemi depois da morte dos homens da fam\u00edlia. Em uma terra distante e longe de seus costumes, Rute ent\u00e3o precisa trabalhar nos campos de um rico fazendeiro chamado boas parente pr\u00f3ximo de sua [&hellip;]<\/p>\n","protected":false},"author":1,"featured_media":0,"comment_status":"open","ping_status":"open","sticky":false,"template":"","format":"standard","meta":{"_et_pb_use_builder":"","_et_pb_old_content":"","_et_gb_content_width":"","footnotes":""},"categories":[2],"tags":[],"class_list":["post-624","post","type-post","status-publish","format-standard","hentry","category-espetaculos"],"_links":{"self":[{"href":"https:\/\/cartografiadadancadoacre.com.br\/index.php?rest_route=\/wp\/v2\/posts\/624","targetHints":{"allow":["GET"]}}],"collection":[{"href":"https:\/\/cartografiadadancadoacre.com.br\/index.php?rest_route=\/wp\/v2\/posts"}],"about":[{"href":"https:\/\/cartografiadadancadoacre.com.br\/index.php?rest_route=\/wp\/v2\/types\/post"}],"author":[{"embeddable":true,"href":"https:\/\/cartografiadadancadoacre.com.br\/index.php?rest_route=\/wp\/v2\/users\/1"}],"replies":[{"embeddable":true,"href":"https:\/\/cartografiadadancadoacre.com.br\/index.php?rest_route=%2Fwp%2Fv2%2Fcomments&post=624"}],"version-history":[{"count":0,"href":"https:\/\/cartografiadadancadoacre.com.br\/index.php?rest_route=\/wp\/v2\/posts\/624\/revisions"}],"wp:attachment":[{"href":"https:\/\/cartografiadadancadoacre.com.br\/index.php?rest_route=%2Fwp%2Fv2%2Fmedia&parent=624"}],"wp:term":[{"taxonomy":"category","embeddable":true,"href":"https:\/\/cartografiadadancadoacre.com.br\/index.php?rest_route=%2Fwp%2Fv2%2Fcategories&post=624"},{"taxonomy":"post_tag","embeddable":true,"href":"https:\/\/cartografiadadancadoacre.com.br\/index.php?rest_route=%2Fwp%2Fv2%2Ftags&post=624"}],"curies":[{"name":"wp","href":"https:\/\/api.w.org\/{rel}","templated":true}]}}