{"id":5429,"date":"2023-11-16T21:51:03","date_gmt":"2023-11-16T21:51:03","guid":{"rendered":"https:\/\/cartografiadadancadoacre.com.br\/?p=5429"},"modified":"2023-11-16T21:51:11","modified_gmt":"2023-11-16T21:51:11","slug":"fale-agora-ou-cale-se-para-sempre-2023","status":"publish","type":"post","link":"https:\/\/cartografiadadancadoacre.com.br\/?p=5429","title":{"rendered":"Fale Agora ou Cale-se para Sempre (2023)"},"content":{"rendered":"<p><a href=\"http:\/\/cartografiadadancadoacre.com.br\/?p=198\">Grupo de Extens\u00e3o e Pesquisa em Artes C\u00eanicas N\u00f3is da Casa<\/a><\/p>\n<hr \/>\n<h1>SINOPSE<\/h1>\n<p>O novo espet\u00e1culo, leva o nome de \u201cFale agora ou cale-se para sempre\u201d, e faz uma alus\u00e3o aos votos de casamento e uma cr\u00edtica ao sil\u00eancio e normaliza\u00e7\u00e3o de matrim\u00f4nios precoces e gravidez na adolesc\u00eancia no estado do Acre. \u00c9 tamb\u00e9m um convite a reflex\u00e3o sobre a cultura da nossa sociedade. O casamento precoce pode ser visto com uma forma de buscar independ\u00eancia por muitas garotas no estado, uma maneira de sair mais cedo da casa dos pais, que muitas vezes permitem e incentivam esse matrim\u00f4nio. O Acre \u00e9 um dos estados com a maior taxa de gravidez na adolesc\u00eancia segundo a Funda\u00e7\u00e3o Abrinq pelos Direitos da Crian\u00e7a e do Adolescente. Por que essas fam\u00edlias s\u00e3o formadas t\u00e3o precocemente? Essas adolescentes tem o preparo psicol\u00f3gico para lidar com uma nova fam\u00edlia? Como isso se tornou algo banal e aceit\u00e1vel? Foram perguntas como essa que inspiraram o novo espet\u00e1culo. Fale agora ou cale-se para sempre, ir\u00e1 usar da arte, da dan\u00e7a contempor\u00e2nea e de express\u00f5es corporais para retratar esse tema.<\/p>\n<p>FONTE: Texto fornecido por Valeska Alvim (Grupo de Extens\u00e3o e Pesquisa em Artes C\u00eanicas N\u00f3is da Casa)<\/p>\n<h1>FICHA T\u00c9CNICA<\/h1>\n<p>Dire\u00e7\u00e3o e Coordena\u00e7\u00e3o geral: Valeska Alvim;<br \/>\nBailarinos: Felipe Barbosa, Nicole Andrade e Lucas Souza;<br \/>\nFigurino: Jessiane Gisele<br \/>\nAssistente de Produ\u00e7\u00e3o: Adriana Maria<br \/>\nIlumina\u00e7\u00e3o: Ricardo Pinguim e Valeska Alvim<br \/>\nSonoplastia: Dami\u00e1n Keller<\/p>\n<h1>FOTO<\/h1>\n\n\t\t<style type=\"text\/css\">\n\t\t\t#gallery-1 {\n\t\t\t\tmargin: auto;\n\t\t\t}\n\t\t\t#gallery-1 .gallery-item {\n\t\t\t\tfloat: left;\n\t\t\t\tmargin-top: 10px;\n\t\t\t\ttext-align: center;\n\t\t\t\twidth: 25%;\n\t\t\t}\n\t\t\t#gallery-1 img {\n\t\t\t\tborder: 2px solid #cfcfcf;\n\t\t\t}\n\t\t\t#gallery-1 .gallery-caption {\n\t\t\t\tmargin-left: 0;\n\t\t\t}\n\t\t\t\/* see gallery_shortcode() in wp-includes\/media.php *\/\n\t\t<\/style>\n\t\t<div id='gallery-1' class='gallery galleryid-5429 gallery-columns-4 gallery-size-thumbnail'><dl class='gallery-item'>\n\t\t\t<dt class='gallery-icon landscape'>\n\t\t\t\t<a href='https:\/\/cartografiadadancadoacre.com.br\/wp-content\/uploads\/2023\/11\/fotos-de-Emily-Borges-fale-agora-ou-cale-se-para-sempre-1-temporada-14-15-16-de-abril-2023-145-Copy-Copy.jpg'><img loading=\"lazy\" decoding=\"async\" width=\"150\" height=\"150\" src=\"https:\/\/cartografiadadancadoacre.com.br\/wp-content\/uploads\/2023\/11\/fotos-de-Emily-Borges-fale-agora-ou-cale-se-para-sempre-1-temporada-14-15-16-de-abril-2023-145-Copy-Copy-150x150.jpg\" class=\"attachment-thumbnail size-thumbnail\" alt=\"\" \/><\/a>\n\t\t\t<\/dt><\/dl><dl class='gallery-item'>\n\t\t\t<dt class='gallery-icon landscape'>\n\t\t\t\t<a href='https:\/\/cartografiadadancadoacre.com.br\/wp-content\/uploads\/2023\/11\/fotos-de-Emily-Borges-fale-agora-ou-cale-se-para-sempre-1-temporada-14-15-16-de-abril-2023-230-Copy-Copy.jpg'><img loading=\"lazy\" decoding=\"async\" width=\"150\" height=\"150\" src=\"https:\/\/cartografiadadancadoacre.com.br\/wp-content\/uploads\/2023\/11\/fotos-de-Emily-Borges-fale-agora-ou-cale-se-para-sempre-1-temporada-14-15-16-de-abril-2023-230-Copy-Copy-150x150.jpg\" class=\"attachment-thumbnail size-thumbnail\" alt=\"\" \/><\/a>\n\t\t\t<\/dt><\/dl><dl class='gallery-item'>\n\t\t\t<dt class='gallery-icon landscape'>\n\t\t\t\t<a href='https:\/\/cartografiadadancadoacre.com.br\/wp-content\/uploads\/2023\/11\/fotos-de-Emily-Borges-fale-agora-ou-cale-se-para-sempre-1-temporada-14-15-16-de-abril-2023-260-Copy-Copy.jpg'><img loading=\"lazy\" decoding=\"async\" width=\"150\" height=\"150\" src=\"https:\/\/cartografiadadancadoacre.com.br\/wp-content\/uploads\/2023\/11\/fotos-de-Emily-Borges-fale-agora-ou-cale-se-para-sempre-1-temporada-14-15-16-de-abril-2023-260-Copy-Copy-150x150.jpg\" class=\"attachment-thumbnail size-thumbnail\" alt=\"\" \/><\/a>\n\t\t\t<\/dt><\/dl><dl class='gallery-item'>\n\t\t\t<dt class='gallery-icon landscape'>\n\t\t\t\t<a href='https:\/\/cartografiadadancadoacre.com.br\/wp-content\/uploads\/2023\/11\/fotos-de-Emily-Borges-fale-agora-ou-cale-se-para-sempre-1-temporada-14-15-16-de-abril-2023-284-Copy-Copy.jpg'><img loading=\"lazy\" decoding=\"async\" width=\"150\" height=\"150\" src=\"https:\/\/cartografiadadancadoacre.com.br\/wp-content\/uploads\/2023\/11\/fotos-de-Emily-Borges-fale-agora-ou-cale-se-para-sempre-1-temporada-14-15-16-de-abril-2023-284-Copy-Copy-150x150.jpg\" class=\"attachment-thumbnail size-thumbnail\" alt=\"\" \/><\/a>\n\t\t\t<\/dt><\/dl><br style=\"clear: both\" \/><dl class='gallery-item'>\n\t\t\t<dt class='gallery-icon portrait'>\n\t\t\t\t<a href='https:\/\/cartografiadadancadoacre.com.br\/wp-content\/uploads\/2023\/11\/fotos-de-Emily-Borges-fale-agora-ou-cale-se-para-sempre-1-temporada-14-15-16-de-abril-2023-286-Copy-Copy.jpg'><img loading=\"lazy\" decoding=\"async\" width=\"150\" height=\"150\" src=\"https:\/\/cartografiadadancadoacre.com.br\/wp-content\/uploads\/2023\/11\/fotos-de-Emily-Borges-fale-agora-ou-cale-se-para-sempre-1-temporada-14-15-16-de-abril-2023-286-Copy-Copy-150x150.jpg\" class=\"attachment-thumbnail size-thumbnail\" alt=\"\" \/><\/a>\n\t\t\t<\/dt><\/dl><dl class='gallery-item'>\n\t\t\t<dt class='gallery-icon landscape'>\n\t\t\t\t<a href='https:\/\/cartografiadadancadoacre.com.br\/wp-content\/uploads\/2023\/11\/fotos-de-Emily-Borges-fale-agora-ou-cale-se-para-sempre-1-temporada-14-15-16-de-abril-2023-109-Copy-Copy.jpg'><img loading=\"lazy\" decoding=\"async\" width=\"150\" height=\"150\" src=\"https:\/\/cartografiadadancadoacre.com.br\/wp-content\/uploads\/2023\/11\/fotos-de-Emily-Borges-fale-agora-ou-cale-se-para-sempre-1-temporada-14-15-16-de-abril-2023-109-Copy-Copy-150x150.jpg\" class=\"attachment-thumbnail size-thumbnail\" alt=\"\" \/><\/a>\n\t\t\t<\/dt><\/dl><dl class='gallery-item'>\n\t\t\t<dt class='gallery-icon landscape'>\n\t\t\t\t<a href='https:\/\/cartografiadadancadoacre.com.br\/wp-content\/uploads\/2023\/11\/fotos-de-Emily-Borges-fale-agora-ou-cale-se-para-sempre-1-temporada-14-15-16-de-abril-2023-117-Copy-Copy.jpg'><img loading=\"lazy\" decoding=\"async\" width=\"150\" height=\"150\" src=\"https:\/\/cartografiadadancadoacre.com.br\/wp-content\/uploads\/2023\/11\/fotos-de-Emily-Borges-fale-agora-ou-cale-se-para-sempre-1-temporada-14-15-16-de-abril-2023-117-Copy-Copy-150x150.jpg\" class=\"attachment-thumbnail size-thumbnail\" alt=\"\" \/><\/a>\n\t\t\t<\/dt><\/dl><dl class='gallery-item'>\n\t\t\t<dt class='gallery-icon landscape'>\n\t\t\t\t<a href='https:\/\/cartografiadadancadoacre.com.br\/wp-content\/uploads\/2023\/11\/fotos-de-Emily-Borges-fale-agora-ou-cale-se-para-sempre-1-temporada-14-15-16-de-abril-2023-123-Copy-Copy.jpg'><img loading=\"lazy\" decoding=\"async\" width=\"150\" height=\"150\" src=\"https:\/\/cartografiadadancadoacre.com.br\/wp-content\/uploads\/2023\/11\/fotos-de-Emily-Borges-fale-agora-ou-cale-se-para-sempre-1-temporada-14-15-16-de-abril-2023-123-Copy-Copy-150x150.jpg\" class=\"attachment-thumbnail size-thumbnail\" alt=\"\" \/><\/a>\n\t\t\t<\/dt><\/dl><br style=\"clear: both\" \/><dl class='gallery-item'>\n\t\t\t<dt class='gallery-icon portrait'>\n\t\t\t\t<a href='https:\/\/cartografiadadancadoacre.com.br\/wp-content\/uploads\/2023\/11\/fotos-de-Emily-Borges-fale-agora-ou-cale-se-para-sempre-1-temporada-14-15-16-de-abril-2023-64-Copy-Copy.jpg'><img loading=\"lazy\" decoding=\"async\" width=\"150\" height=\"150\" src=\"https:\/\/cartografiadadancadoacre.com.br\/wp-content\/uploads\/2023\/11\/fotos-de-Emily-Borges-fale-agora-ou-cale-se-para-sempre-1-temporada-14-15-16-de-abril-2023-64-Copy-Copy-150x150.jpg\" class=\"attachment-thumbnail size-thumbnail\" alt=\"\" \/><\/a>\n\t\t\t<\/dt><\/dl><dl class='gallery-item'>\n\t\t\t<dt class='gallery-icon landscape'>\n\t\t\t\t<a href='https:\/\/cartografiadadancadoacre.com.br\/wp-content\/uploads\/2023\/11\/fotos-de-Emily-Borges-fale-agora-ou-cale-se-para-sempre-1-temporada-14-15-16-de-abril-2023-97-Copy-Copy.jpg'><img loading=\"lazy\" decoding=\"async\" width=\"150\" height=\"150\" src=\"https:\/\/cartografiadadancadoacre.com.br\/wp-content\/uploads\/2023\/11\/fotos-de-Emily-Borges-fale-agora-ou-cale-se-para-sempre-1-temporada-14-15-16-de-abril-2023-97-Copy-Copy-150x150.jpg\" class=\"attachment-thumbnail size-thumbnail\" alt=\"\" \/><\/a>\n\t\t\t<\/dt><\/dl><dl class='gallery-item'>\n\t\t\t<dt class='gallery-icon landscape'>\n\t\t\t\t<a href='https:\/\/cartografiadadancadoacre.com.br\/wp-content\/uploads\/2023\/11\/fotos-de-Emily-Borges-fale-agora-ou-cale-se-para-sempre-1-temporada-14-15-16-de-abril-2023-62-Copy-Copy.jpg'><img loading=\"lazy\" decoding=\"async\" width=\"150\" height=\"150\" src=\"https:\/\/cartografiadadancadoacre.com.br\/wp-content\/uploads\/2023\/11\/fotos-de-Emily-Borges-fale-agora-ou-cale-se-para-sempre-1-temporada-14-15-16-de-abril-2023-62-Copy-Copy-150x150.jpg\" class=\"attachment-thumbnail size-thumbnail\" alt=\"\" \/><\/a>\n\t\t\t<\/dt><\/dl><dl class='gallery-item'>\n\t\t\t<dt class='gallery-icon landscape'>\n\t\t\t\t<a href='https:\/\/cartografiadadancadoacre.com.br\/wp-content\/uploads\/2023\/11\/fotos-de-Emily-Borges-fale-agora-ou-cale-se-para-sempre-1-temporada-14-15-16-de-abril-2023-20-Copy-Copy.jpg'><img loading=\"lazy\" decoding=\"async\" width=\"150\" height=\"150\" src=\"https:\/\/cartografiadadancadoacre.com.br\/wp-content\/uploads\/2023\/11\/fotos-de-Emily-Borges-fale-agora-ou-cale-se-para-sempre-1-temporada-14-15-16-de-abril-2023-20-Copy-Copy-150x150.jpg\" class=\"attachment-thumbnail size-thumbnail\" alt=\"\" \/><\/a>\n\t\t\t<\/dt><\/dl><br style=\"clear: both\" \/><dl class='gallery-item'>\n\t\t\t<dt class='gallery-icon portrait'>\n\t\t\t\t<a href='https:\/\/cartografiadadancadoacre.com.br\/wp-content\/uploads\/2023\/11\/fotos-de-Emily-Borges-fale-agora-ou-cale-se-para-sempre-1-temporada-14-15-16-de-abril-2023-31-Copy-Copy.jpg'><img loading=\"lazy\" decoding=\"async\" width=\"150\" height=\"150\" src=\"https:\/\/cartografiadadancadoacre.com.br\/wp-content\/uploads\/2023\/11\/fotos-de-Emily-Borges-fale-agora-ou-cale-se-para-sempre-1-temporada-14-15-16-de-abril-2023-31-Copy-Copy-150x150.jpg\" class=\"attachment-thumbnail size-thumbnail\" alt=\"\" \/><\/a>\n\t\t\t<\/dt><\/dl><dl class='gallery-item'>\n\t\t\t<dt class='gallery-icon landscape'>\n\t\t\t\t<a href='https:\/\/cartografiadadancadoacre.com.br\/wp-content\/uploads\/2023\/11\/fotos-de-Emily-Borges-fale-agora-ou-cale-se-para-sempre-1-temporada-14-15-16-de-abril-2023-44-Copy-Copy.jpg'><img loading=\"lazy\" decoding=\"async\" width=\"150\" height=\"150\" src=\"https:\/\/cartografiadadancadoacre.com.br\/wp-content\/uploads\/2023\/11\/fotos-de-Emily-Borges-fale-agora-ou-cale-se-para-sempre-1-temporada-14-15-16-de-abril-2023-44-Copy-Copy-150x150.jpg\" class=\"attachment-thumbnail size-thumbnail\" alt=\"\" \/><\/a>\n\t\t\t<\/dt><\/dl><dl class='gallery-item'>\n\t\t\t<dt class='gallery-icon landscape'>\n\t\t\t\t<a href='https:\/\/cartografiadadancadoacre.com.br\/wp-content\/uploads\/2023\/11\/fotos-de-Emily-Borges-fale-agora-ou-cale-se-para-sempre-1-temporada-14-15-16-de-abril-2023-7-Copy-Copy.jpg'><img loading=\"lazy\" decoding=\"async\" width=\"150\" height=\"150\" src=\"https:\/\/cartografiadadancadoacre.com.br\/wp-content\/uploads\/2023\/11\/fotos-de-Emily-Borges-fale-agora-ou-cale-se-para-sempre-1-temporada-14-15-16-de-abril-2023-7-Copy-Copy-150x150.jpg\" class=\"attachment-thumbnail size-thumbnail\" alt=\"\" \/><\/a>\n\t\t\t<\/dt><\/dl><dl class='gallery-item'>\n\t\t\t<dt class='gallery-icon landscape'>\n\t\t\t\t<a href='https:\/\/cartografiadadancadoacre.com.br\/wp-content\/uploads\/2023\/11\/fotos-de-Emily-Borges-fale-agora-ou-cale-se-para-sempre-1-temporada-14-15-16-de-abril-2023-318-Copy-Copy.jpg'><img loading=\"lazy\" decoding=\"async\" width=\"150\" height=\"150\" src=\"https:\/\/cartografiadadancadoacre.com.br\/wp-content\/uploads\/2023\/11\/fotos-de-Emily-Borges-fale-agora-ou-cale-se-para-sempre-1-temporada-14-15-16-de-abril-2023-318-Copy-Copy-150x150.jpg\" class=\"attachment-thumbnail size-thumbnail\" alt=\"\" \/><\/a>\n\t\t\t<\/dt><\/dl><br style=\"clear: both\" \/>\n\t\t<\/div>\n\n<p>&nbsp;<\/p>\n<h1>V\u00cdDEOS<\/h1>\n<p>Em constru\u00e7\u00e3o.<\/p>\n<h1>PE\u00c7AS GR\u00c1FICAS<\/h1>\n<p><a href=\"http:\/\/cartografiadadancadoacre.com.br\/wp-content\/uploads\/2023\/11\/Imagem-do-WhatsApp-de-2023-11-16-as-16.49.09_406b3ae6.jpg\"><img loading=\"lazy\" decoding=\"async\" class=\"alignnone size-medium wp-image-5446\" src=\"http:\/\/cartografiadadancadoacre.com.br\/wp-content\/uploads\/2023\/11\/Imagem-do-WhatsApp-de-2023-11-16-as-16.49.09_406b3ae6-300x296.jpg\" alt=\"\" width=\"300\" height=\"296\" \/><\/a><\/p>\n<p>&nbsp;<\/p>\n<h1>LINKS<\/h1>\n<p>Em constru\u00e7\u00e3o.<\/p>\n<h1>MATERIAL NA IMPRENSA<\/h1>\n<p>Em constru\u00e7\u00e3o.<\/p>\n","protected":false},"excerpt":{"rendered":"<p>Grupo de Extens\u00e3o e Pesquisa em Artes C\u00eanicas N\u00f3is da Casa SINOPSE O novo espet\u00e1culo, leva o nome de \u201cFale agora ou cale-se para sempre\u201d, e faz uma alus\u00e3o aos votos de casamento e uma cr\u00edtica ao sil\u00eancio e normaliza\u00e7\u00e3o de matrim\u00f4nios precoces e gravidez na adolesc\u00eancia no estado do Acre. \u00c9 tamb\u00e9m um convite [&hellip;]<\/p>\n","protected":false},"author":1,"featured_media":0,"comment_status":"open","ping_status":"open","sticky":false,"template":"","format":"standard","meta":{"_et_pb_use_builder":"","_et_pb_old_content":"","_et_gb_content_width":"","footnotes":""},"categories":[2,1],"tags":[],"class_list":["post-5429","post","type-post","status-publish","format-standard","hentry","category-espetaculos","category-sem-categoria"],"_links":{"self":[{"href":"https:\/\/cartografiadadancadoacre.com.br\/index.php?rest_route=\/wp\/v2\/posts\/5429","targetHints":{"allow":["GET"]}}],"collection":[{"href":"https:\/\/cartografiadadancadoacre.com.br\/index.php?rest_route=\/wp\/v2\/posts"}],"about":[{"href":"https:\/\/cartografiadadancadoacre.com.br\/index.php?rest_route=\/wp\/v2\/types\/post"}],"author":[{"embeddable":true,"href":"https:\/\/cartografiadadancadoacre.com.br\/index.php?rest_route=\/wp\/v2\/users\/1"}],"replies":[{"embeddable":true,"href":"https:\/\/cartografiadadancadoacre.com.br\/index.php?rest_route=%2Fwp%2Fv2%2Fcomments&post=5429"}],"version-history":[{"count":1,"href":"https:\/\/cartografiadadancadoacre.com.br\/index.php?rest_route=\/wp\/v2\/posts\/5429\/revisions"}],"predecessor-version":[{"id":5447,"href":"https:\/\/cartografiadadancadoacre.com.br\/index.php?rest_route=\/wp\/v2\/posts\/5429\/revisions\/5447"}],"wp:attachment":[{"href":"https:\/\/cartografiadadancadoacre.com.br\/index.php?rest_route=%2Fwp%2Fv2%2Fmedia&parent=5429"}],"wp:term":[{"taxonomy":"category","embeddable":true,"href":"https:\/\/cartografiadadancadoacre.com.br\/index.php?rest_route=%2Fwp%2Fv2%2Fcategories&post=5429"},{"taxonomy":"post_tag","embeddable":true,"href":"https:\/\/cartografiadadancadoacre.com.br\/index.php?rest_route=%2Fwp%2Fv2%2Ftags&post=5429"}],"curies":[{"name":"wp","href":"https:\/\/api.w.org\/{rel}","templated":true}]}}