{"id":5350,"date":"2023-09-14T21:56:07","date_gmt":"2023-09-14T21:56:07","guid":{"rendered":"https:\/\/cartografiadadancadoacre.com.br\/?p=5350"},"modified":"2023-11-16T22:42:55","modified_gmt":"2023-11-16T22:42:55","slug":"allegro-ballet-e-arte-rio-branco","status":"publish","type":"post","link":"https:\/\/cartografiadadancadoacre.com.br\/?p=5350","title":{"rendered":"Allegro Ballet e Arte (Rio Branco)"},"content":{"rendered":"<h1>SOBRE<\/h1>\n<p>Escola de dan\u00e7a criada em 2022, que d\u00e1 aulas para crian\u00e7as a partir de 2 anos e meio ate adultos, nas modalidades jazz, ballet, sapateado, kpop, entre outras modalidades.<\/p>\n<p>FONTE: Raquel Pinheiro (Allegro Ballet e Arte)<\/p>\n<h1>ESPET\u00c1CULOS<\/h1>\n<p><a href=\"https:\/\/cartografiadadancadoacre.com.br\/?p=5335\">Oz: nem tudo \u00e9 o que parece (2022)<\/a><\/p>\n<p><a href=\"https:\/\/cartografiadadancadoacre.com.br\/?p=5479\">O mundo m\u00e1gico da Disney (2022)<\/a><\/p>\n","protected":false},"excerpt":{"rendered":"<p>SOBRE Escola de dan\u00e7a criada em 2022, que d\u00e1 aulas para crian\u00e7as a partir de 2 anos e meio ate adultos, nas modalidades jazz, ballet, sapateado, kpop, entre outras modalidades. FONTE: Raquel Pinheiro (Allegro Ballet e Arte) ESPET\u00c1CULOS Oz: nem tudo \u00e9 o que parece (2022) O mundo m\u00e1gico da Disney (2022)<\/p>\n","protected":false},"author":1,"featured_media":0,"comment_status":"open","ping_status":"open","sticky":false,"template":"","format":"standard","meta":{"_et_pb_use_builder":"","_et_pb_old_content":"","_et_gb_content_width":"","footnotes":""},"categories":[5],"tags":[],"class_list":["post-5350","post","type-post","status-publish","format-standard","hentry","category-grupos"],"_links":{"self":[{"href":"https:\/\/cartografiadadancadoacre.com.br\/index.php?rest_route=\/wp\/v2\/posts\/5350","targetHints":{"allow":["GET"]}}],"collection":[{"href":"https:\/\/cartografiadadancadoacre.com.br\/index.php?rest_route=\/wp\/v2\/posts"}],"about":[{"href":"https:\/\/cartografiadadancadoacre.com.br\/index.php?rest_route=\/wp\/v2\/types\/post"}],"author":[{"embeddable":true,"href":"https:\/\/cartografiadadancadoacre.com.br\/index.php?rest_route=\/wp\/v2\/users\/1"}],"replies":[{"embeddable":true,"href":"https:\/\/cartografiadadancadoacre.com.br\/index.php?rest_route=%2Fwp%2Fv2%2Fcomments&post=5350"}],"version-history":[{"count":3,"href":"https:\/\/cartografiadadancadoacre.com.br\/index.php?rest_route=\/wp\/v2\/posts\/5350\/revisions"}],"predecessor-version":[{"id":5503,"href":"https:\/\/cartografiadadancadoacre.com.br\/index.php?rest_route=\/wp\/v2\/posts\/5350\/revisions\/5503"}],"wp:attachment":[{"href":"https:\/\/cartografiadadancadoacre.com.br\/index.php?rest_route=%2Fwp%2Fv2%2Fmedia&parent=5350"}],"wp:term":[{"taxonomy":"category","embeddable":true,"href":"https:\/\/cartografiadadancadoacre.com.br\/index.php?rest_route=%2Fwp%2Fv2%2Fcategories&post=5350"},{"taxonomy":"post_tag","embeddable":true,"href":"https:\/\/cartografiadadancadoacre.com.br\/index.php?rest_route=%2Fwp%2Fv2%2Ftags&post=5350"}],"curies":[{"name":"wp","href":"https:\/\/api.w.org\/{rel}","templated":true}]}}