{"id":5238,"date":"2022-11-08T22:45:23","date_gmt":"2022-11-08T22:45:23","guid":{"rendered":"https:\/\/cartografiadadancadoacre.com.br\/?p=5238"},"modified":"2022-11-08T22:45:37","modified_gmt":"2022-11-08T22:45:37","slug":"o-inicio-2021","status":"publish","type":"post","link":"https:\/\/cartografiadadancadoacre.com.br\/?p=5238","title":{"rendered":"O In\u00edcio (2021)"},"content":{"rendered":"<p><a href=\"http:\/\/cartografiadadancadoacre.com.br\/?p=2183\">Est\u00fadio de Dan\u00e7a e Academia Juru\u00e1 Ritmos<\/a><\/p>\n<hr \/>\n<h1>SINOPSE<\/h1>\n<p>&#8221; O In\u00edcio &#8221; uma linda hist\u00f3ria b\u00edblica que est\u00e1 no livro de Genesis e trata-se da cria\u00e7\u00e3o do mundo, que Deus criou durante seis dias e no s\u00e9timo dia ele descansou. Este espet\u00e1culo apresenta uma comunica\u00e7\u00e3o das linguagens c\u00eanicas m\u00fasica, dan\u00e7a, teatro, artes pl\u00e1sticas e tecnologia.<\/p>\n<p>FONTE: Texto fornecido por\u00a0Maria Jos\u00e9 (Est\u00fadio de Dan\u00e7a e Academia Juru\u00e1 Ritmos)<\/p>\n<h1>FICHA T\u00c9CNICA<\/h1>\n<p>Corpo de baile: 65 pessoas alunos e dan\u00e7arinos convidados.<br \/>\nProdu\u00e7\u00e3o e direc\u00e3o : Neire Freitas<br \/>\nAuxiliar de produ\u00e7\u00e3o: Maria Jos\u00e9 Freitas<br \/>\nPesquisa m\u00fasical: Uine Queile e Neire Freitas<br \/>\nEdi\u00e7\u00e3o de imagens Uine Queile Freitas<br \/>\nMontagem de \u00e1udio Pikasso Vale<br \/>\nIlumina\u00e7\u00e3o: Batista Rodrigues<br \/>\nSonaplatia: Stefeson Ricardo<br \/>\nCinegrafista: Jos\u00e9 Maria Bezerra<br \/>\nCen\u00e1rio: Maria Jos\u00e9 Freitas<br \/>\nFotografia: Aldeane Cavalcante Dan\u00e7arinos<br \/>\nConvidados: Cia. de Dan\u00e7a, Nativu&#8217;s Triplo X<br \/>\nAtor e dan\u00e7arino: Pikasso Vale<br \/>\nCantora e bailarina Iris Barbosa<br \/>\nRealiza\u00e7\u00e3o: Est\u00fadio de Dan\u00e7a e Academia Juru\u00e1 Ritmos.<\/p>\n<h1>FOTOS<\/h1>\n\n\t\t<style type=\"text\/css\">\n\t\t\t#gallery-1 {\n\t\t\t\tmargin: auto;\n\t\t\t}\n\t\t\t#gallery-1 .gallery-item {\n\t\t\t\tfloat: left;\n\t\t\t\tmargin-top: 10px;\n\t\t\t\ttext-align: center;\n\t\t\t\twidth: 33%;\n\t\t\t}\n\t\t\t#gallery-1 img {\n\t\t\t\tborder: 2px solid #cfcfcf;\n\t\t\t}\n\t\t\t#gallery-1 .gallery-caption {\n\t\t\t\tmargin-left: 0;\n\t\t\t}\n\t\t\t\/* see gallery_shortcode() in wp-includes\/media.php *\/\n\t\t<\/style>\n\t\t<div id='gallery-1' class='gallery galleryid-5238 gallery-columns-3 gallery-size-thumbnail'><dl class='gallery-item'>\n\t\t\t<dt class='gallery-icon landscape'>\n\t\t\t\t<a href='https:\/\/cartografiadadancadoacre.com.br\/?attachment_id=5239'><img loading=\"lazy\" decoding=\"async\" width=\"150\" height=\"150\" src=\"https:\/\/cartografiadadancadoacre.com.br\/wp-content\/uploads\/2022\/11\/IMG_9844-150x150.jpg\" class=\"attachment-thumbnail size-thumbnail\" alt=\"\" \/><\/a>\n\t\t\t<\/dt><\/dl><dl class='gallery-item'>\n\t\t\t<dt class='gallery-icon landscape'>\n\t\t\t\t<a href='https:\/\/cartografiadadancadoacre.com.br\/?attachment_id=5240'><img loading=\"lazy\" decoding=\"async\" width=\"150\" height=\"150\" src=\"https:\/\/cartografiadadancadoacre.com.br\/wp-content\/uploads\/2022\/11\/IMG_9845-1-150x150.jpg\" class=\"attachment-thumbnail size-thumbnail\" alt=\"\" \/><\/a>\n\t\t\t<\/dt><\/dl><dl class='gallery-item'>\n\t\t\t<dt class='gallery-icon landscape'>\n\t\t\t\t<a href='https:\/\/cartografiadadancadoacre.com.br\/?attachment_id=5241'><img loading=\"lazy\" decoding=\"async\" width=\"150\" height=\"150\" src=\"https:\/\/cartografiadadancadoacre.com.br\/wp-content\/uploads\/2022\/11\/IMG_0097-150x150.jpg\" class=\"attachment-thumbnail size-thumbnail\" alt=\"\" \/><\/a>\n\t\t\t<\/dt><\/dl><br style=\"clear: both\" \/>\n\t\t<\/div>\n\n<p style=\"text-align: center;\">OBS: Todas as fotos foram doadas por artistas da cidade ao acervo. Caso reconhe\u00e7a o autor de alguma dessas fotos, por favor, entre em contato conosco, pois \u00e9 nosso interesse registrar e resguardar os direitos dos profissionais.<\/p>\n<h1>V\u00cdDEOS<\/h1>\n<p>Em constru\u00e7\u00e3o.<\/p>\n<h1>PE\u00c7AS GR\u00c1FICAS<\/h1>\n<p><a href=\"http:\/\/cartografiadadancadoacre.com.br\/wp-content\/uploads\/2022\/11\/WhatsApp-Image-2022-11-03-at-12.07.38.jpeg\"><img loading=\"lazy\" decoding=\"async\" class=\"alignnone size-medium wp-image-5242\" src=\"http:\/\/cartografiadadancadoacre.com.br\/wp-content\/uploads\/2022\/11\/WhatsApp-Image-2022-11-03-at-12.07.38-186x300.jpeg\" alt=\"\" width=\"186\" height=\"300\" \/><\/a><\/p>\n<h1>LINKS<\/h1>\n<p><a href=\"https:\/\/www.facebook.com\/edajuruaritmos?fref=ts\" target=\"_blank\" rel=\"noopener noreferrer\">https:\/\/www.facebook.com\/edajuruaritmos?fref=ts<\/a><\/p>\n<h1>MATERIAL NA IMPRENSA<\/h1>\n<p>Em constru\u00e7\u00e3o.<\/p>\n","protected":false},"excerpt":{"rendered":"<p>Est\u00fadio de Dan\u00e7a e Academia Juru\u00e1 Ritmos SINOPSE &#8221; O In\u00edcio &#8221; uma linda hist\u00f3ria b\u00edblica que est\u00e1 no livro de Genesis e trata-se da cria\u00e7\u00e3o do mundo, que Deus criou durante seis dias e no s\u00e9timo dia ele descansou. Este espet\u00e1culo apresenta uma comunica\u00e7\u00e3o das linguagens c\u00eanicas m\u00fasica, dan\u00e7a, teatro, artes pl\u00e1sticas e tecnologia. [&hellip;]<\/p>\n","protected":false},"author":1,"featured_media":0,"comment_status":"open","ping_status":"open","sticky":false,"template":"","format":"standard","meta":{"_et_pb_use_builder":"","_et_pb_old_content":"","_et_gb_content_width":"","footnotes":""},"categories":[2],"tags":[],"class_list":["post-5238","post","type-post","status-publish","format-standard","hentry","category-espetaculos"],"_links":{"self":[{"href":"https:\/\/cartografiadadancadoacre.com.br\/index.php?rest_route=\/wp\/v2\/posts\/5238","targetHints":{"allow":["GET"]}}],"collection":[{"href":"https:\/\/cartografiadadancadoacre.com.br\/index.php?rest_route=\/wp\/v2\/posts"}],"about":[{"href":"https:\/\/cartografiadadancadoacre.com.br\/index.php?rest_route=\/wp\/v2\/types\/post"}],"author":[{"embeddable":true,"href":"https:\/\/cartografiadadancadoacre.com.br\/index.php?rest_route=\/wp\/v2\/users\/1"}],"replies":[{"embeddable":true,"href":"https:\/\/cartografiadadancadoacre.com.br\/index.php?rest_route=%2Fwp%2Fv2%2Fcomments&post=5238"}],"version-history":[{"count":1,"href":"https:\/\/cartografiadadancadoacre.com.br\/index.php?rest_route=\/wp\/v2\/posts\/5238\/revisions"}],"predecessor-version":[{"id":5243,"href":"https:\/\/cartografiadadancadoacre.com.br\/index.php?rest_route=\/wp\/v2\/posts\/5238\/revisions\/5243"}],"wp:attachment":[{"href":"https:\/\/cartografiadadancadoacre.com.br\/index.php?rest_route=%2Fwp%2Fv2%2Fmedia&parent=5238"}],"wp:term":[{"taxonomy":"category","embeddable":true,"href":"https:\/\/cartografiadadancadoacre.com.br\/index.php?rest_route=%2Fwp%2Fv2%2Fcategories&post=5238"},{"taxonomy":"post_tag","embeddable":true,"href":"https:\/\/cartografiadadancadoacre.com.br\/index.php?rest_route=%2Fwp%2Fv2%2Ftags&post=5238"}],"curies":[{"name":"wp","href":"https:\/\/api.w.org\/{rel}","templated":true}]}}