{"id":4778,"date":"2020-01-17T03:17:23","date_gmt":"2020-01-17T03:17:23","guid":{"rendered":"http:\/\/cartografiadadancadoacre.com.br\/?p=4778"},"modified":"2020-09-12T20:20:45","modified_gmt":"2020-09-12T20:20:45","slug":"fluxo-cia-de-danca","status":"publish","type":"post","link":"https:\/\/cartografiadadancadoacre.com.br\/?p=4778","title":{"rendered":"Fluxo Cia de Dan\u00e7a (Rio Branco)"},"content":{"rendered":"<h1>SOBRE<\/h1>\n<p>A Fluxo Cia de Dan\u00e7a nasceu da vontade de desenvolver projetos art\u00edsticos por meio da dan\u00e7a, sem delimitar um estilo \u00fanico, mas criar a partir de inquieta\u00e7\u00f5es que movem o grupo. Fundada em 1\u00ba de Janeiro de 2018, formada por jovens artistas acreanos. Fazemos da dan\u00e7a, dos movimentos, do fluxo, nossos principais meios de express\u00e3o. Fluxo significa cont\u00ednuo de algo que segue um curso. Ato de fluir.<\/p>\n<p>FONTE: Texto fornecido por Dheyvison Bruno (Fluxo Cia de Dan\u00e7a)<\/p>\n<h1>ESPET\u00c1CULOS<\/h1>\n<p><a href=\"http:\/\/cartografiadadancadoacre.com.br\/?p=4785\">O Boto (2019)<\/a><\/p>\n","protected":false},"excerpt":{"rendered":"<p>SOBRE A Fluxo Cia de Dan\u00e7a nasceu da vontade de desenvolver projetos art\u00edsticos por meio da dan\u00e7a, sem delimitar um estilo \u00fanico, mas criar a partir de inquieta\u00e7\u00f5es que movem o grupo. Fundada em 1\u00ba de Janeiro de 2018, formada por jovens artistas acreanos. Fazemos da dan\u00e7a, dos movimentos, do fluxo, nossos principais meios de [&hellip;]<\/p>\n","protected":false},"author":1,"featured_media":0,"comment_status":"open","ping_status":"open","sticky":false,"template":"","format":"standard","meta":{"_et_pb_use_builder":"","_et_pb_old_content":"","_et_gb_content_width":"","footnotes":""},"categories":[5],"tags":[],"class_list":["post-4778","post","type-post","status-publish","format-standard","hentry","category-grupos"],"_links":{"self":[{"href":"https:\/\/cartografiadadancadoacre.com.br\/index.php?rest_route=\/wp\/v2\/posts\/4778","targetHints":{"allow":["GET"]}}],"collection":[{"href":"https:\/\/cartografiadadancadoacre.com.br\/index.php?rest_route=\/wp\/v2\/posts"}],"about":[{"href":"https:\/\/cartografiadadancadoacre.com.br\/index.php?rest_route=\/wp\/v2\/types\/post"}],"author":[{"embeddable":true,"href":"https:\/\/cartografiadadancadoacre.com.br\/index.php?rest_route=\/wp\/v2\/users\/1"}],"replies":[{"embeddable":true,"href":"https:\/\/cartografiadadancadoacre.com.br\/index.php?rest_route=%2Fwp%2Fv2%2Fcomments&post=4778"}],"version-history":[{"count":6,"href":"https:\/\/cartografiadadancadoacre.com.br\/index.php?rest_route=\/wp\/v2\/posts\/4778\/revisions"}],"predecessor-version":[{"id":4944,"href":"https:\/\/cartografiadadancadoacre.com.br\/index.php?rest_route=\/wp\/v2\/posts\/4778\/revisions\/4944"}],"wp:attachment":[{"href":"https:\/\/cartografiadadancadoacre.com.br\/index.php?rest_route=%2Fwp%2Fv2%2Fmedia&parent=4778"}],"wp:term":[{"taxonomy":"category","embeddable":true,"href":"https:\/\/cartografiadadancadoacre.com.br\/index.php?rest_route=%2Fwp%2Fv2%2Fcategories&post=4778"},{"taxonomy":"post_tag","embeddable":true,"href":"https:\/\/cartografiadadancadoacre.com.br\/index.php?rest_route=%2Fwp%2Fv2%2Ftags&post=4778"}],"curies":[{"name":"wp","href":"https:\/\/api.w.org\/{rel}","templated":true}]}}