{"id":4723,"date":"2020-01-17T02:33:35","date_gmt":"2020-01-17T02:33:35","guid":{"rendered":"http:\/\/cartografiadadancadoacre.com.br\/?p=4723"},"modified":"2020-09-12T19:41:53","modified_gmt":"2020-09-12T19:41:53","slug":"bale-bruna-lopes","status":"publish","type":"post","link":"https:\/\/cartografiadadancadoacre.com.br\/?p=4723","title":{"rendered":"Bal\u00e9 Bruna Lopes (Rio Branco)"},"content":{"rendered":"<h1>SOBRE<\/h1>\n<p>O Bal\u00e9 Bruna Lopes \u00e9 uma entidade privada localizada na cidade de Rio Branco, fundada em 04 de fevereiro de 2019, que presta servi\u00e7os e realiza a\u00e7\u00f5es no \u00e2mbito da dan\u00e7a, nas modalidades de bal\u00e9, jazz e sapateado, cujas atividades ocorrem de segunda a s\u00e1bado, no hor\u00e1rio das 8h \u00e0s 19h, tendo como p\u00fablico alvo crian\u00e7as, adolescentes, jovens e adultos. Durante seus anos de trabalho, antes de se tornar pessoa jur\u00eddica, a professora Bruna Lopes atendeu cerca de 100 crian\u00e7as, tendo realizado, no per\u00edodo de 2016 a 2018, como diretora, core\u00f3grafa e bailarina, os seguintes espet\u00e1culos de dan\u00e7a: A Fabrica de Bonecas (2016), O Quebra Nozes (2017), Elena de Avalor (2018).<\/p>\n<p>FONTE: Texto fornecido por Bruna Lopes (Bal\u00e9 Bruna Lopes)<\/p>\n<h1>ESPET\u00c1CULOS<\/h1>\n<p><a href=\"http:\/\/cartografiadadancadoacre.com.br\/?p=4728\">Fundo do Mar (2019)<\/a><\/p>\n","protected":false},"excerpt":{"rendered":"<p>SOBRE O Bal\u00e9 Bruna Lopes \u00e9 uma entidade privada localizada na cidade de Rio Branco, fundada em 04 de fevereiro de 2019, que presta servi\u00e7os e realiza a\u00e7\u00f5es no \u00e2mbito da dan\u00e7a, nas modalidades de bal\u00e9, jazz e sapateado, cujas atividades ocorrem de segunda a s\u00e1bado, no hor\u00e1rio das 8h \u00e0s 19h, tendo como p\u00fablico [&hellip;]<\/p>\n","protected":false},"author":1,"featured_media":0,"comment_status":"open","ping_status":"open","sticky":false,"template":"","format":"standard","meta":{"_et_pb_use_builder":"","_et_pb_old_content":"","_et_gb_content_width":"","footnotes":""},"categories":[5],"tags":[],"class_list":["post-4723","post","type-post","status-publish","format-standard","hentry","category-grupos"],"_links":{"self":[{"href":"https:\/\/cartografiadadancadoacre.com.br\/index.php?rest_route=\/wp\/v2\/posts\/4723","targetHints":{"allow":["GET"]}}],"collection":[{"href":"https:\/\/cartografiadadancadoacre.com.br\/index.php?rest_route=\/wp\/v2\/posts"}],"about":[{"href":"https:\/\/cartografiadadancadoacre.com.br\/index.php?rest_route=\/wp\/v2\/types\/post"}],"author":[{"embeddable":true,"href":"https:\/\/cartografiadadancadoacre.com.br\/index.php?rest_route=\/wp\/v2\/users\/1"}],"replies":[{"embeddable":true,"href":"https:\/\/cartografiadadancadoacre.com.br\/index.php?rest_route=%2Fwp%2Fv2%2Fcomments&post=4723"}],"version-history":[{"count":6,"href":"https:\/\/cartografiadadancadoacre.com.br\/index.php?rest_route=\/wp\/v2\/posts\/4723\/revisions"}],"predecessor-version":[{"id":4917,"href":"https:\/\/cartografiadadancadoacre.com.br\/index.php?rest_route=\/wp\/v2\/posts\/4723\/revisions\/4917"}],"wp:attachment":[{"href":"https:\/\/cartografiadadancadoacre.com.br\/index.php?rest_route=%2Fwp%2Fv2%2Fmedia&parent=4723"}],"wp:term":[{"taxonomy":"category","embeddable":true,"href":"https:\/\/cartografiadadancadoacre.com.br\/index.php?rest_route=%2Fwp%2Fv2%2Fcategories&post=4723"},{"taxonomy":"post_tag","embeddable":true,"href":"https:\/\/cartografiadadancadoacre.com.br\/index.php?rest_route=%2Fwp%2Fv2%2Ftags&post=4723"}],"curies":[{"name":"wp","href":"https:\/\/api.w.org\/{rel}","templated":true}]}}