{"id":4043,"date":"2018-01-29T20:43:55","date_gmt":"2018-01-29T20:43:55","guid":{"rendered":"http:\/\/cartografiadadancadoacre.com.br\/?p=4043"},"modified":"2021-05-03T04:58:28","modified_gmt":"2021-05-03T04:58:28","slug":"forum-de-danca-do-acre","status":"publish","type":"post","link":"https:\/\/cartografiadadancadoacre.com.br\/?p=4043","title":{"rendered":"F\u00f3rum de Dan\u00e7a do Acre"},"content":{"rendered":"<p>&nbsp;<\/p>\n<p><a href=\"http:\/\/cartografiadadancadoacre.com.br\/?p=5082\">V F\u00f3rum de Dan\u00e7a do Acre (2021)<\/a><\/p>\n<p><a href=\"http:\/\/cartografiadadancadoacre.com.br\/?p=4366\">IV F\u00f3rum de Dan\u00e7a do Acre (2018)<\/a><\/p>\n<p><a href=\"http:\/\/cartografiadadancadoacre.com.br\/?p=3987\">III F\u00f3rum de Dan\u00e7a do Acre (2017)<\/a><\/p>\n<p><a href=\"http:\/\/cartografiadadancadoacre.com.br\/?p=4049\">II F\u00f3rum de Dan\u00e7a do Acre (2013)<\/a><\/p>\n","protected":false},"excerpt":{"rendered":"<p>&nbsp; V F\u00f3rum de Dan\u00e7a do Acre (2021) IV F\u00f3rum de Dan\u00e7a do Acre (2018) III F\u00f3rum de Dan\u00e7a do Acre (2017) II F\u00f3rum de Dan\u00e7a do Acre (2013)<\/p>\n","protected":false},"author":1,"featured_media":0,"comment_status":"open","ping_status":"open","sticky":false,"template":"","format":"standard","meta":{"_et_pb_use_builder":"","_et_pb_old_content":"","_et_gb_content_width":"","footnotes":""},"categories":[3],"tags":[],"class_list":["post-4043","post","type-post","status-publish","format-standard","hentry","category-festivais-e-eventos"],"_links":{"self":[{"href":"https:\/\/cartografiadadancadoacre.com.br\/index.php?rest_route=\/wp\/v2\/posts\/4043","targetHints":{"allow":["GET"]}}],"collection":[{"href":"https:\/\/cartografiadadancadoacre.com.br\/index.php?rest_route=\/wp\/v2\/posts"}],"about":[{"href":"https:\/\/cartografiadadancadoacre.com.br\/index.php?rest_route=\/wp\/v2\/types\/post"}],"author":[{"embeddable":true,"href":"https:\/\/cartografiadadancadoacre.com.br\/index.php?rest_route=\/wp\/v2\/users\/1"}],"replies":[{"embeddable":true,"href":"https:\/\/cartografiadadancadoacre.com.br\/index.php?rest_route=%2Fwp%2Fv2%2Fcomments&post=4043"}],"version-history":[{"count":1,"href":"https:\/\/cartografiadadancadoacre.com.br\/index.php?rest_route=\/wp\/v2\/posts\/4043\/revisions"}],"predecessor-version":[{"id":5135,"href":"https:\/\/cartografiadadancadoacre.com.br\/index.php?rest_route=\/wp\/v2\/posts\/4043\/revisions\/5135"}],"wp:attachment":[{"href":"https:\/\/cartografiadadancadoacre.com.br\/index.php?rest_route=%2Fwp%2Fv2%2Fmedia&parent=4043"}],"wp:term":[{"taxonomy":"category","embeddable":true,"href":"https:\/\/cartografiadadancadoacre.com.br\/index.php?rest_route=%2Fwp%2Fv2%2Fcategories&post=4043"},{"taxonomy":"post_tag","embeddable":true,"href":"https:\/\/cartografiadadancadoacre.com.br\/index.php?rest_route=%2Fwp%2Fv2%2Ftags&post=4043"}],"curies":[{"name":"wp","href":"https:\/\/api.w.org\/{rel}","templated":true}]}}