{"id":3859,"date":"2017-12-02T18:01:28","date_gmt":"2017-12-02T18:01:28","guid":{"rendered":"http:\/\/cartografiadadancadoacre.com.br\/?p=3859"},"modified":"2017-12-02T18:01:44","modified_gmt":"2017-12-02T18:01:44","slug":"frozen-uma-aventura-congelante-2015","status":"publish","type":"post","link":"https:\/\/cartografiadadancadoacre.com.br\/?p=3859","title":{"rendered":"Frozen &#8211; Uma Aventura Congelante (2015)"},"content":{"rendered":"<p><a href=\"http:\/\/cartografiadadancadoacre.com.br\/?p=3233\">Escola de Dan\u00e7a Adorarte<\/a><\/p>\n<hr \/>\n<h1>SINOPSE<\/h1>\n<p>O espet\u00e1culo tem o obejtivo de desenvolver a pratica de atividade f\u00edsica e mostrar o desenvolvimento e evolu\u00e7\u00e3o dos alunos. Ana que adora sua irm\u00e3 Elza, mais um acidente envolvendo os poderes especiais da mais velha, durante a inf\u00e2ncia, faz com que os pais a mantivessem afastadas . Ap\u00f3s a morte deles as duas cresceram isoladas no castelo da fam\u00edlia, ate o dia em que Elza deveria assumir o reinado de Arendell. Com o reencontro das duas, um novo acidente acontece e ela decide partir para sempre e se isolar do mundo, deixando todos para traz e provocando o congelamento do reino. \u00c9 quando Ana decide se aventurar pelas montanhas de gelo para encontrar a Irma e acabar com o frio.<\/p>\n<p>FONTE: Texto fornecido por Priscilla (Escola de Dan\u00e7a Adorarte)<\/p>\n<h1>FICHA T\u00c9CNICA<\/h1>\n<p>Em constru\u00e7\u00e3o.<\/p>\n<h1>FOTOS<\/h1>\n\n\t\t<style type=\"text\/css\">\n\t\t\t#gallery-1 {\n\t\t\t\tmargin: auto;\n\t\t\t}\n\t\t\t#gallery-1 .gallery-item {\n\t\t\t\tfloat: left;\n\t\t\t\tmargin-top: 10px;\n\t\t\t\ttext-align: center;\n\t\t\t\twidth: 25%;\n\t\t\t}\n\t\t\t#gallery-1 img {\n\t\t\t\tborder: 2px solid #cfcfcf;\n\t\t\t}\n\t\t\t#gallery-1 .gallery-caption {\n\t\t\t\tmargin-left: 0;\n\t\t\t}\n\t\t\t\/* see gallery_shortcode() in wp-includes\/media.php *\/\n\t\t<\/style>\n\t\t<div id='gallery-1' class='gallery galleryid-3859 gallery-columns-4 gallery-size-thumbnail'><dl class='gallery-item'>\n\t\t\t<dt class='gallery-icon landscape'>\n\t\t\t\t<a href='https:\/\/cartografiadadancadoacre.com.br\/wp-content\/uploads\/2017\/12\/frozen_adorarte_foto_2015-1.jpg'><img loading=\"lazy\" decoding=\"async\" width=\"150\" height=\"150\" src=\"https:\/\/cartografiadadancadoacre.com.br\/wp-content\/uploads\/2017\/12\/frozen_adorarte_foto_2015-1-150x150.jpg\" class=\"attachment-thumbnail size-thumbnail\" alt=\"\" \/><\/a>\n\t\t\t<\/dt><\/dl><dl class='gallery-item'>\n\t\t\t<dt class='gallery-icon landscape'>\n\t\t\t\t<a href='https:\/\/cartografiadadancadoacre.com.br\/wp-content\/uploads\/2017\/12\/frozen_adorarte_foto_2015-2.jpg'><img loading=\"lazy\" decoding=\"async\" width=\"150\" height=\"150\" src=\"https:\/\/cartografiadadancadoacre.com.br\/wp-content\/uploads\/2017\/12\/frozen_adorarte_foto_2015-2-150x150.jpg\" class=\"attachment-thumbnail size-thumbnail\" alt=\"\" \/><\/a>\n\t\t\t<\/dt><\/dl><dl class='gallery-item'>\n\t\t\t<dt class='gallery-icon landscape'>\n\t\t\t\t<a href='https:\/\/cartografiadadancadoacre.com.br\/wp-content\/uploads\/2017\/12\/frozen_adorarte_foto_2015-3.jpg'><img loading=\"lazy\" decoding=\"async\" width=\"150\" height=\"150\" src=\"https:\/\/cartografiadadancadoacre.com.br\/wp-content\/uploads\/2017\/12\/frozen_adorarte_foto_2015-3-150x150.jpg\" class=\"attachment-thumbnail size-thumbnail\" alt=\"\" \/><\/a>\n\t\t\t<\/dt><\/dl><dl class='gallery-item'>\n\t\t\t<dt class='gallery-icon landscape'>\n\t\t\t\t<a href='https:\/\/cartografiadadancadoacre.com.br\/wp-content\/uploads\/2017\/12\/frozen_adorarte_foto_2015-4.jpg'><img loading=\"lazy\" decoding=\"async\" width=\"150\" height=\"150\" src=\"https:\/\/cartografiadadancadoacre.com.br\/wp-content\/uploads\/2017\/12\/frozen_adorarte_foto_2015-4-150x150.jpg\" class=\"attachment-thumbnail size-thumbnail\" alt=\"\" \/><\/a>\n\t\t\t<\/dt><\/dl><br style=\"clear: both\" \/><dl class='gallery-item'>\n\t\t\t<dt class='gallery-icon landscape'>\n\t\t\t\t<a href='https:\/\/cartografiadadancadoacre.com.br\/wp-content\/uploads\/2017\/12\/frozen_adorarte_foto_2015-5.jpg'><img loading=\"lazy\" decoding=\"async\" width=\"150\" height=\"150\" src=\"https:\/\/cartografiadadancadoacre.com.br\/wp-content\/uploads\/2017\/12\/frozen_adorarte_foto_2015-5-150x150.jpg\" class=\"attachment-thumbnail size-thumbnail\" alt=\"\" \/><\/a>\n\t\t\t<\/dt><\/dl><dl class='gallery-item'>\n\t\t\t<dt class='gallery-icon landscape'>\n\t\t\t\t<a href='https:\/\/cartografiadadancadoacre.com.br\/wp-content\/uploads\/2017\/12\/frozen_adorarte_foto_2015-6.jpg'><img loading=\"lazy\" decoding=\"async\" width=\"150\" height=\"150\" src=\"https:\/\/cartografiadadancadoacre.com.br\/wp-content\/uploads\/2017\/12\/frozen_adorarte_foto_2015-6-150x150.jpg\" class=\"attachment-thumbnail size-thumbnail\" alt=\"\" \/><\/a>\n\t\t\t<\/dt><\/dl><dl class='gallery-item'>\n\t\t\t<dt class='gallery-icon landscape'>\n\t\t\t\t<a href='https:\/\/cartografiadadancadoacre.com.br\/wp-content\/uploads\/2017\/12\/frozen_adorarte_foto_2015-7.jpg'><img loading=\"lazy\" decoding=\"async\" width=\"150\" height=\"150\" src=\"https:\/\/cartografiadadancadoacre.com.br\/wp-content\/uploads\/2017\/12\/frozen_adorarte_foto_2015-7-150x150.jpg\" class=\"attachment-thumbnail size-thumbnail\" alt=\"\" \/><\/a>\n\t\t\t<\/dt><\/dl>\n\t\t\t<br style='clear: both' \/>\n\t\t<\/div>\n\n<p style=\"text-align: center;\"><span id=\"m_4650315354493649781yui_3_16_0_ym19_1_1503607540178_18452\">OBS: Todas as fotos foram doadas por artistas da cidade ao acervo.<\/span>\u00a0Caso reconhe\u00e7a o autor de alguma dessas fotos, por favor, entre em contato conosco, pois \u00e9 nosso interesse registrar e resguardar os direitos dos profissionais.<\/p>\n<h1>V\u00cdDEOS<\/h1>\n<p>Em constru\u00e7\u00e3o.<\/p>\n<h1>PE\u00c7AS GR\u00c1FICAS<\/h1>\n<p><a href=\"http:\/\/cartografiadadancadoacre.com.br\/wp-content\/uploads\/2017\/12\/frozen_adorarte_foto_2015-8.jpg\"><img loading=\"lazy\" decoding=\"async\" class=\"alignnone size-medium wp-image-3867\" src=\"http:\/\/cartografiadadancadoacre.com.br\/wp-content\/uploads\/2017\/12\/frozen_adorarte_foto_2015-8-211x300.jpg\" alt=\"\" width=\"211\" height=\"300\" srcset=\"https:\/\/cartografiadadancadoacre.com.br\/wp-content\/uploads\/2017\/12\/frozen_adorarte_foto_2015-8-211x300.jpg 211w, https:\/\/cartografiadadancadoacre.com.br\/wp-content\/uploads\/2017\/12\/frozen_adorarte_foto_2015-8-768x1093.jpg 768w, https:\/\/cartografiadadancadoacre.com.br\/wp-content\/uploads\/2017\/12\/frozen_adorarte_foto_2015-8-720x1024.jpg 720w, https:\/\/cartografiadadancadoacre.com.br\/wp-content\/uploads\/2017\/12\/frozen_adorarte_foto_2015-8-1080x1536.jpg 1080w\" sizes=\"(max-width: 211px) 100vw, 211px\" \/><\/a><\/p>\n<h1>LINKS<\/h1>\n<p>Em constru\u00e7\u00e3o.<\/p>\n<h1>MATERIAL NA IMPRENSA<\/h1>\n<p>Em constru\u00e7\u00e3o.<\/p>\n","protected":false},"excerpt":{"rendered":"<p>Escola de Dan\u00e7a Adorarte SINOPSE O espet\u00e1culo tem o obejtivo de desenvolver a pratica de atividade f\u00edsica e mostrar o desenvolvimento e evolu\u00e7\u00e3o dos alunos. Ana que adora sua irm\u00e3 Elza, mais um acidente envolvendo os poderes especiais da mais velha, durante a inf\u00e2ncia, faz com que os pais a mantivessem afastadas . Ap\u00f3s a [&hellip;]<\/p>\n","protected":false},"author":1,"featured_media":0,"comment_status":"open","ping_status":"open","sticky":false,"template":"","format":"standard","meta":{"_et_pb_use_builder":"","_et_pb_old_content":"","_et_gb_content_width":"","footnotes":""},"categories":[2],"tags":[],"class_list":["post-3859","post","type-post","status-publish","format-standard","hentry","category-espetaculos"],"_links":{"self":[{"href":"https:\/\/cartografiadadancadoacre.com.br\/index.php?rest_route=\/wp\/v2\/posts\/3859","targetHints":{"allow":["GET"]}}],"collection":[{"href":"https:\/\/cartografiadadancadoacre.com.br\/index.php?rest_route=\/wp\/v2\/posts"}],"about":[{"href":"https:\/\/cartografiadadancadoacre.com.br\/index.php?rest_route=\/wp\/v2\/types\/post"}],"author":[{"embeddable":true,"href":"https:\/\/cartografiadadancadoacre.com.br\/index.php?rest_route=\/wp\/v2\/users\/1"}],"replies":[{"embeddable":true,"href":"https:\/\/cartografiadadancadoacre.com.br\/index.php?rest_route=%2Fwp%2Fv2%2Fcomments&post=3859"}],"version-history":[{"count":0,"href":"https:\/\/cartografiadadancadoacre.com.br\/index.php?rest_route=\/wp\/v2\/posts\/3859\/revisions"}],"wp:attachment":[{"href":"https:\/\/cartografiadadancadoacre.com.br\/index.php?rest_route=%2Fwp%2Fv2%2Fmedia&parent=3859"}],"wp:term":[{"taxonomy":"category","embeddable":true,"href":"https:\/\/cartografiadadancadoacre.com.br\/index.php?rest_route=%2Fwp%2Fv2%2Fcategories&post=3859"},{"taxonomy":"post_tag","embeddable":true,"href":"https:\/\/cartografiadadancadoacre.com.br\/index.php?rest_route=%2Fwp%2Fv2%2Ftags&post=3859"}],"curies":[{"name":"wp","href":"https:\/\/api.w.org\/{rel}","templated":true}]}}