{"id":3781,"date":"2017-11-28T19:23:39","date_gmt":"2017-11-28T19:23:39","guid":{"rendered":"http:\/\/cartografiadadancadoacre.com.br\/?p=3781"},"modified":"2018-01-30T01:25:05","modified_gmt":"2018-01-30T01:25:05","slug":"dancapoema-2017","status":"publish","type":"post","link":"https:\/\/cartografiadadancadoacre.com.br\/?p=3781","title":{"rendered":"Dan\u00e7aPoema (2017)"},"content":{"rendered":"<p><a href=\"http:\/\/cartografiadadancadoacre.com.br\/?p=194\">Jhon Gomes e o Grupo Aguadeiro<\/a><\/p>\n<hr \/>\n<h1>SINOPSE<\/h1>\n<p>Bal\u00e9 contempor\u00e2neo, versa sobre movimentos corporais no embalo de poetas e m\u00fasica acreana. O projeto dos cd&#8217;s de poesias e m\u00fasica intitulados &#8220;FaladoPoema&#8221; de 2001 e &#8220;Acrinstrumental&#8221;, finalizado em 2006, foram idealizados por Jo\u00e3o Veras, que reuniu varios artistas do meio em dois cd&#8217;s que comp\u00f5e a trilha sonora do espet\u00e1culo. Com essa nova roupagem de apresentar poemas e m\u00fasica, nasce o espet\u00e1culo Dan\u00e7aPoema, uma forma de homenagear esses artistas.<\/p>\n<p>FONTE: <a href=\"https:\/\/www.facebook.com\/events\/2055522231334578\/\">https:\/\/www.facebook.com\/events\/2055522231334578\/<\/a> (Acesso em 28 de novembro de 2017)<\/p>\n<h1>FICHA T\u00c9CNICA<\/h1>\n<p>Dire\u00e7\u00e3o Geral: Victor Onofre<br \/>\nDire\u00e7\u00e3o Coreogr\u00e1fica: Jhon Gomes<br \/>\nIlumina\u00e7\u00e3o e cria\u00e7\u00e3o: Luiz Rabic\u00f3<br \/>\nFotografia: Marcos Ant\u00f4nio<br \/>\nRoteiro: Jo\u00e3o veras atrav\u00e9s dos cds ( Faladopoema e Acriinstrumental )<br \/>\nFigurino: Bismarck Moura<br \/>\nBailarinos Jhon Gomes, Jo\u00e3o Ericlei, Nicole Andrade e Bruna Lopes.<\/p>\n<h1>FOTOS<\/h1>\n\n\t\t<style type=\"text\/css\">\n\t\t\t#gallery-1 {\n\t\t\t\tmargin: auto;\n\t\t\t}\n\t\t\t#gallery-1 .gallery-item {\n\t\t\t\tfloat: left;\n\t\t\t\tmargin-top: 10px;\n\t\t\t\ttext-align: center;\n\t\t\t\twidth: 25%;\n\t\t\t}\n\t\t\t#gallery-1 img {\n\t\t\t\tborder: 2px solid #cfcfcf;\n\t\t\t}\n\t\t\t#gallery-1 .gallery-caption {\n\t\t\t\tmargin-left: 0;\n\t\t\t}\n\t\t\t\/* see gallery_shortcode() in wp-includes\/media.php *\/\n\t\t<\/style>\n\t\t<div id='gallery-1' class='gallery galleryid-3781 gallery-columns-4 gallery-size-thumbnail'><dl class='gallery-item'>\n\t\t\t<dt class='gallery-icon landscape'>\n\t\t\t\t<a href='https:\/\/cartografiadadancadoacre.com.br\/wp-content\/uploads\/2017\/11\/dancapoema_aguadeiro_2017_Foto-13.jpg'><img loading=\"lazy\" decoding=\"async\" width=\"150\" height=\"150\" src=\"https:\/\/cartografiadadancadoacre.com.br\/wp-content\/uploads\/2017\/11\/dancapoema_aguadeiro_2017_Foto-13-150x150.jpg\" class=\"attachment-thumbnail size-thumbnail\" alt=\"\" \/><\/a>\n\t\t\t<\/dt><\/dl><dl class='gallery-item'>\n\t\t\t<dt class='gallery-icon landscape'>\n\t\t\t\t<a href='https:\/\/cartografiadadancadoacre.com.br\/wp-content\/uploads\/2017\/11\/dancapoema_aguadeiro_2017_Foto-12.jpg'><img loading=\"lazy\" decoding=\"async\" width=\"150\" height=\"150\" src=\"https:\/\/cartografiadadancadoacre.com.br\/wp-content\/uploads\/2017\/11\/dancapoema_aguadeiro_2017_Foto-12-150x150.jpg\" class=\"attachment-thumbnail size-thumbnail\" alt=\"\" \/><\/a>\n\t\t\t<\/dt><\/dl><dl class='gallery-item'>\n\t\t\t<dt class='gallery-icon landscape'>\n\t\t\t\t<a href='https:\/\/cartografiadadancadoacre.com.br\/wp-content\/uploads\/2017\/11\/dancapoema_aguadeiro_2017_Foto-11.jpg'><img loading=\"lazy\" decoding=\"async\" width=\"150\" height=\"150\" src=\"https:\/\/cartografiadadancadoacre.com.br\/wp-content\/uploads\/2017\/11\/dancapoema_aguadeiro_2017_Foto-11-150x150.jpg\" class=\"attachment-thumbnail size-thumbnail\" alt=\"\" \/><\/a>\n\t\t\t<\/dt><\/dl><dl class='gallery-item'>\n\t\t\t<dt class='gallery-icon landscape'>\n\t\t\t\t<a href='https:\/\/cartografiadadancadoacre.com.br\/wp-content\/uploads\/2017\/11\/dancapoema_aguadeiro_2017_Foto-10.jpg'><img loading=\"lazy\" decoding=\"async\" width=\"150\" height=\"150\" src=\"https:\/\/cartografiadadancadoacre.com.br\/wp-content\/uploads\/2017\/11\/dancapoema_aguadeiro_2017_Foto-10-150x150.jpg\" class=\"attachment-thumbnail size-thumbnail\" alt=\"\" \/><\/a>\n\t\t\t<\/dt><\/dl><br style=\"clear: both\" \/><dl class='gallery-item'>\n\t\t\t<dt class='gallery-icon landscape'>\n\t\t\t\t<a href='https:\/\/cartografiadadancadoacre.com.br\/wp-content\/uploads\/2017\/11\/dancapoema_aguadeiro_2017_Foto-9.jpg'><img loading=\"lazy\" decoding=\"async\" width=\"150\" height=\"150\" src=\"https:\/\/cartografiadadancadoacre.com.br\/wp-content\/uploads\/2017\/11\/dancapoema_aguadeiro_2017_Foto-9-150x150.jpg\" class=\"attachment-thumbnail size-thumbnail\" alt=\"\" \/><\/a>\n\t\t\t<\/dt><\/dl><dl class='gallery-item'>\n\t\t\t<dt class='gallery-icon landscape'>\n\t\t\t\t<a href='https:\/\/cartografiadadancadoacre.com.br\/wp-content\/uploads\/2017\/11\/dancapoema_aguadeiro_2017_Foto-2.jpg'><img loading=\"lazy\" decoding=\"async\" width=\"150\" height=\"150\" src=\"https:\/\/cartografiadadancadoacre.com.br\/wp-content\/uploads\/2017\/11\/dancapoema_aguadeiro_2017_Foto-2-150x150.jpg\" class=\"attachment-thumbnail size-thumbnail\" alt=\"\" \/><\/a>\n\t\t\t<\/dt><\/dl><dl class='gallery-item'>\n\t\t\t<dt class='gallery-icon landscape'>\n\t\t\t\t<a href='https:\/\/cartografiadadancadoacre.com.br\/wp-content\/uploads\/2017\/11\/dancapoema_aguadeiro_2017_Foto-3.jpg'><img loading=\"lazy\" decoding=\"async\" width=\"150\" height=\"150\" src=\"https:\/\/cartografiadadancadoacre.com.br\/wp-content\/uploads\/2017\/11\/dancapoema_aguadeiro_2017_Foto-3-150x150.jpg\" class=\"attachment-thumbnail size-thumbnail\" alt=\"\" \/><\/a>\n\t\t\t<\/dt><\/dl><dl class='gallery-item'>\n\t\t\t<dt class='gallery-icon portrait'>\n\t\t\t\t<a href='https:\/\/cartografiadadancadoacre.com.br\/wp-content\/uploads\/2017\/11\/dancapoema_aguadeiro_2017_Foto-4.jpg'><img loading=\"lazy\" decoding=\"async\" width=\"150\" height=\"150\" src=\"https:\/\/cartografiadadancadoacre.com.br\/wp-content\/uploads\/2017\/11\/dancapoema_aguadeiro_2017_Foto-4-150x150.jpg\" class=\"attachment-thumbnail size-thumbnail\" alt=\"\" \/><\/a>\n\t\t\t<\/dt><\/dl><br style=\"clear: both\" \/><dl class='gallery-item'>\n\t\t\t<dt class='gallery-icon portrait'>\n\t\t\t\t<a href='https:\/\/cartografiadadancadoacre.com.br\/wp-content\/uploads\/2017\/11\/dancapoema_aguadeiro_2017_Foto-5.jpg'><img loading=\"lazy\" decoding=\"async\" width=\"150\" height=\"150\" src=\"https:\/\/cartografiadadancadoacre.com.br\/wp-content\/uploads\/2017\/11\/dancapoema_aguadeiro_2017_Foto-5-150x150.jpg\" class=\"attachment-thumbnail size-thumbnail\" alt=\"\" \/><\/a>\n\t\t\t<\/dt><\/dl><dl class='gallery-item'>\n\t\t\t<dt class='gallery-icon landscape'>\n\t\t\t\t<a href='https:\/\/cartografiadadancadoacre.com.br\/wp-content\/uploads\/2017\/11\/dancapoema_aguadeiro_2017_Foto-6.jpg'><img loading=\"lazy\" decoding=\"async\" width=\"150\" height=\"150\" src=\"https:\/\/cartografiadadancadoacre.com.br\/wp-content\/uploads\/2017\/11\/dancapoema_aguadeiro_2017_Foto-6-150x150.jpg\" class=\"attachment-thumbnail size-thumbnail\" alt=\"\" \/><\/a>\n\t\t\t<\/dt><\/dl><dl class='gallery-item'>\n\t\t\t<dt class='gallery-icon landscape'>\n\t\t\t\t<a href='https:\/\/cartografiadadancadoacre.com.br\/wp-content\/uploads\/2017\/11\/dancapoema_aguadeiro_2017_Foto-7.jpg'><img loading=\"lazy\" decoding=\"async\" width=\"150\" height=\"150\" src=\"https:\/\/cartografiadadancadoacre.com.br\/wp-content\/uploads\/2017\/11\/dancapoema_aguadeiro_2017_Foto-7-150x150.jpg\" class=\"attachment-thumbnail size-thumbnail\" alt=\"\" \/><\/a>\n\t\t\t<\/dt><\/dl><dl class='gallery-item'>\n\t\t\t<dt class='gallery-icon landscape'>\n\t\t\t\t<a href='https:\/\/cartografiadadancadoacre.com.br\/wp-content\/uploads\/2017\/11\/dancapoema_aguadeiro_2017_Foto-1.jpg'><img loading=\"lazy\" decoding=\"async\" width=\"150\" height=\"150\" src=\"https:\/\/cartografiadadancadoacre.com.br\/wp-content\/uploads\/2017\/11\/dancapoema_aguadeiro_2017_Foto-1-150x150.jpg\" class=\"attachment-thumbnail size-thumbnail\" alt=\"\" \/><\/a>\n\t\t\t<\/dt><\/dl><br style=\"clear: both\" \/>\n\t\t<\/div>\n\n<h1>V\u00cdDEOS<\/h1>\n<p><iframe loading=\"lazy\" src=\"https:\/\/player.vimeo.com\/video\/253189270\" width=\"428\" height=\"240\" frameborder=\"0\" title=\"Tease_Dan&ccedil;aPoema_Grupo Aguadeiro_2017\" webkitallowfullscreen mozallowfullscreen allowfullscreen><\/iframe><\/p>\n<h1>PE\u00c7AS GR\u00c1FICAS<\/h1>\n<p>&nbsp;<\/p>\n<p><a href=\"http:\/\/cartografiadadancadoacre.com.br\/wp-content\/uploads\/2017\/11\/dancapoema_aguadeiro_2017_cartaz.jpeg\"><img loading=\"lazy\" decoding=\"async\" class=\"alignnone size-medium wp-image-3782\" src=\"http:\/\/cartografiadadancadoacre.com.br\/wp-content\/uploads\/2017\/11\/dancapoema_aguadeiro_2017_cartaz-212x300.jpeg\" alt=\"\" width=\"212\" height=\"300\" srcset=\"https:\/\/cartografiadadancadoacre.com.br\/wp-content\/uploads\/2017\/11\/dancapoema_aguadeiro_2017_cartaz-212x300.jpeg 212w, https:\/\/cartografiadadancadoacre.com.br\/wp-content\/uploads\/2017\/11\/dancapoema_aguadeiro_2017_cartaz.jpeg 509w\" sizes=\"(max-width: 212px) 100vw, 212px\" \/><\/a><\/p>\n<p><a href=\"http:\/\/cartografiadadancadoacre.com.br\/wp-content\/uploads\/2017\/11\/dancapoema_aguadeiro_2017_cartaz.jpg\"><img loading=\"lazy\" decoding=\"async\" class=\"alignnone size-medium wp-image-3783\" src=\"http:\/\/cartografiadadancadoacre.com.br\/wp-content\/uploads\/2017\/11\/dancapoema_aguadeiro_2017_cartaz-300x114.jpg\" alt=\"\" width=\"300\" height=\"114\" srcset=\"https:\/\/cartografiadadancadoacre.com.br\/wp-content\/uploads\/2017\/11\/dancapoema_aguadeiro_2017_cartaz-300x114.jpg 300w, https:\/\/cartografiadadancadoacre.com.br\/wp-content\/uploads\/2017\/11\/dancapoema_aguadeiro_2017_cartaz-768x292.jpg 768w, https:\/\/cartografiadadancadoacre.com.br\/wp-content\/uploads\/2017\/11\/dancapoema_aguadeiro_2017_cartaz.jpg 828w\" sizes=\"(max-width: 300px) 100vw, 300px\" \/><\/a><\/p>\n<h1>LINKS<\/h1>\n<p>Em constru\u00e7\u00e3o.<\/p>\n<h1>MATERIAL NA IMPRENSA<\/h1>\n<p><a href=\"http:\/\/cartografiadadancadoacre.com.br\/wp-content\/uploads\/2017\/11\/dancapoema_aguadeiro_2017_imprensa.jpg\"><img loading=\"lazy\" decoding=\"async\" class=\"alignnone wp-image-3891 size-large\" src=\"http:\/\/cartografiadadancadoacre.com.br\/wp-content\/uploads\/2017\/11\/dancapoema_aguadeiro_2017_imprensa-223x1024.jpg\" alt=\"\" width=\"223\" height=\"1024\" \/><\/a><\/p>\n","protected":false},"excerpt":{"rendered":"<p>Jhon Gomes e o Grupo Aguadeiro SINOPSE Bal\u00e9 contempor\u00e2neo, versa sobre movimentos corporais no embalo de poetas e m\u00fasica acreana. O projeto dos cd&#8217;s de poesias e m\u00fasica intitulados &#8220;FaladoPoema&#8221; de 2001 e &#8220;Acrinstrumental&#8221;, finalizado em 2006, foram idealizados por Jo\u00e3o Veras, que reuniu varios artistas do meio em dois cd&#8217;s que comp\u00f5e a trilha [&hellip;]<\/p>\n","protected":false},"author":1,"featured_media":0,"comment_status":"open","ping_status":"open","sticky":false,"template":"","format":"standard","meta":{"_et_pb_use_builder":"","_et_pb_old_content":"","_et_gb_content_width":"","footnotes":""},"categories":[2],"tags":[],"class_list":["post-3781","post","type-post","status-publish","format-standard","hentry","category-espetaculos"],"_links":{"self":[{"href":"https:\/\/cartografiadadancadoacre.com.br\/index.php?rest_route=\/wp\/v2\/posts\/3781","targetHints":{"allow":["GET"]}}],"collection":[{"href":"https:\/\/cartografiadadancadoacre.com.br\/index.php?rest_route=\/wp\/v2\/posts"}],"about":[{"href":"https:\/\/cartografiadadancadoacre.com.br\/index.php?rest_route=\/wp\/v2\/types\/post"}],"author":[{"embeddable":true,"href":"https:\/\/cartografiadadancadoacre.com.br\/index.php?rest_route=\/wp\/v2\/users\/1"}],"replies":[{"embeddable":true,"href":"https:\/\/cartografiadadancadoacre.com.br\/index.php?rest_route=%2Fwp%2Fv2%2Fcomments&post=3781"}],"version-history":[{"count":0,"href":"https:\/\/cartografiadadancadoacre.com.br\/index.php?rest_route=\/wp\/v2\/posts\/3781\/revisions"}],"wp:attachment":[{"href":"https:\/\/cartografiadadancadoacre.com.br\/index.php?rest_route=%2Fwp%2Fv2%2Fmedia&parent=3781"}],"wp:term":[{"taxonomy":"category","embeddable":true,"href":"https:\/\/cartografiadadancadoacre.com.br\/index.php?rest_route=%2Fwp%2Fv2%2Fcategories&post=3781"},{"taxonomy":"post_tag","embeddable":true,"href":"https:\/\/cartografiadadancadoacre.com.br\/index.php?rest_route=%2Fwp%2Fv2%2Ftags&post=3781"}],"curies":[{"name":"wp","href":"https:\/\/api.w.org\/{rel}","templated":true}]}}