{"id":3513,"date":"2017-11-17T05:16:16","date_gmt":"2017-11-17T05:16:16","guid":{"rendered":"http:\/\/cartografiadadancadoacre.com.br\/?p=3513"},"modified":"2017-11-19T01:21:00","modified_gmt":"2017-11-19T01:21:00","slug":"3513","status":"publish","type":"post","link":"https:\/\/cartografiadadancadoacre.com.br\/?p=3513","title":{"rendered":"Esperan\u00e7a (2017)"},"content":{"rendered":"<p><a href=\"http:\/\/cartografiadadancadoacre.com.br\/?p=3507\">Escola de Dan\u00e7a Exaltai<\/a><\/p>\n<hr \/>\n<h1>SINOPSE<\/h1>\n<p>Rute era uma jovem da terra de Moabe; ela n\u00e3o era da na\u00e7\u00e3o de Deus, Israel. Mas, quando aprendeu com sua sogra Noemi sobre o verdadeiro Deus passou a ter uma fidelidade perp\u00e9tua que a levou a um lugar de honra nas terras de Boaz. O espet\u00e1culo conta essa linda historia de Rute e Noemi, mulheres vi\u00favas e desamparadas sem nenhuma expectativa de um bom futura, por\u00e9m com a esperan\u00e7a fincada no cora\u00e7\u00e3o e a certeza de que o Deus de Israel mudar\u00e1 a vida delas. Uma emocionante historia que enche os cora\u00e7\u00f5es de amor e esperan\u00e7a contada atrav\u00e9s de lidas e emocionantes coreografias.<\/p>\n<p>FONTE: Texto fornecido por Cleyciane Neris (Escola de Dan\u00e7a Exaltai)<\/p>\n<h1>FICHA T\u00c9CNICA<\/h1>\n<div>Dire\u00e7\u00e3o: Geise Santana<\/div>\n<div>Bailarinos: Alunos da escola<\/div>\n<div>Coreografia: Geise Santana e Suellia Brito<\/div>\n<div>Auxiliar de Produ\u00e7\u00e3o: Aluno da escola<\/div>\n<div>Ilumina\u00e7\u00e3o: Ricardo<\/div>\n<div>Fotografia: Alunos da escola<\/div>\n<div>Figurino: Tereza Leite e Expedita<\/div>\n<div>Maquiagem: Alunos da escola<\/div>\n<h1>FOTOS<\/h1>\n\n\t\t<style type=\"text\/css\">\n\t\t\t#gallery-1 {\n\t\t\t\tmargin: auto;\n\t\t\t}\n\t\t\t#gallery-1 .gallery-item {\n\t\t\t\tfloat: left;\n\t\t\t\tmargin-top: 10px;\n\t\t\t\ttext-align: center;\n\t\t\t\twidth: 25%;\n\t\t\t}\n\t\t\t#gallery-1 img {\n\t\t\t\tborder: 2px solid #cfcfcf;\n\t\t\t}\n\t\t\t#gallery-1 .gallery-caption {\n\t\t\t\tmargin-left: 0;\n\t\t\t}\n\t\t\t\/* see gallery_shortcode() in wp-includes\/media.php *\/\n\t\t<\/style>\n\t\t<div id='gallery-1' class='gallery galleryid-3513 gallery-columns-4 gallery-size-thumbnail'><dl class='gallery-item'>\n\t\t\t<dt class='gallery-icon landscape'>\n\t\t\t\t<a href='https:\/\/cartografiadadancadoacre.com.br\/wp-content\/uploads\/2017\/11\/esperanca_exaltai_2017_foto-1.jpg'><img loading=\"lazy\" decoding=\"async\" width=\"150\" height=\"150\" src=\"https:\/\/cartografiadadancadoacre.com.br\/wp-content\/uploads\/2017\/11\/esperanca_exaltai_2017_foto-1-150x150.jpg\" class=\"attachment-thumbnail size-thumbnail\" alt=\"\" \/><\/a>\n\t\t\t<\/dt><\/dl><dl class='gallery-item'>\n\t\t\t<dt class='gallery-icon landscape'>\n\t\t\t\t<a href='https:\/\/cartografiadadancadoacre.com.br\/wp-content\/uploads\/2017\/11\/esperanca_exaltai_2017_foto-2.jpg'><img loading=\"lazy\" decoding=\"async\" width=\"150\" height=\"150\" src=\"https:\/\/cartografiadadancadoacre.com.br\/wp-content\/uploads\/2017\/11\/esperanca_exaltai_2017_foto-2-150x150.jpg\" class=\"attachment-thumbnail size-thumbnail\" alt=\"\" \/><\/a>\n\t\t\t<\/dt><\/dl><dl class='gallery-item'>\n\t\t\t<dt class='gallery-icon landscape'>\n\t\t\t\t<a href='https:\/\/cartografiadadancadoacre.com.br\/wp-content\/uploads\/2017\/11\/esperanca_exaltai_2017_foto-3.jpg'><img loading=\"lazy\" decoding=\"async\" width=\"150\" height=\"150\" src=\"https:\/\/cartografiadadancadoacre.com.br\/wp-content\/uploads\/2017\/11\/esperanca_exaltai_2017_foto-3-150x150.jpg\" class=\"attachment-thumbnail size-thumbnail\" alt=\"\" \/><\/a>\n\t\t\t<\/dt><\/dl><dl class='gallery-item'>\n\t\t\t<dt class='gallery-icon portrait'>\n\t\t\t\t<a href='https:\/\/cartografiadadancadoacre.com.br\/wp-content\/uploads\/2017\/11\/esperanca_exaltai_2017_foto-4.jpg'><img loading=\"lazy\" decoding=\"async\" width=\"150\" height=\"150\" src=\"https:\/\/cartografiadadancadoacre.com.br\/wp-content\/uploads\/2017\/11\/esperanca_exaltai_2017_foto-4-150x150.jpg\" class=\"attachment-thumbnail size-thumbnail\" alt=\"\" \/><\/a>\n\t\t\t<\/dt><\/dl><br style=\"clear: both\" \/><dl class='gallery-item'>\n\t\t\t<dt class='gallery-icon landscape'>\n\t\t\t\t<a href='https:\/\/cartografiadadancadoacre.com.br\/wp-content\/uploads\/2017\/11\/esperanca_exaltai_2017_foto-5.jpg'><img loading=\"lazy\" decoding=\"async\" width=\"150\" height=\"150\" src=\"https:\/\/cartografiadadancadoacre.com.br\/wp-content\/uploads\/2017\/11\/esperanca_exaltai_2017_foto-5-150x150.jpg\" class=\"attachment-thumbnail size-thumbnail\" alt=\"\" \/><\/a>\n\t\t\t<\/dt><\/dl><dl class='gallery-item'>\n\t\t\t<dt class='gallery-icon portrait'>\n\t\t\t\t<a href='https:\/\/cartografiadadancadoacre.com.br\/wp-content\/uploads\/2017\/11\/esperanca_exaltai_2017_foto-6.jpg'><img loading=\"lazy\" decoding=\"async\" width=\"150\" height=\"150\" src=\"https:\/\/cartografiadadancadoacre.com.br\/wp-content\/uploads\/2017\/11\/esperanca_exaltai_2017_foto-6-150x150.jpg\" class=\"attachment-thumbnail size-thumbnail\" alt=\"\" \/><\/a>\n\t\t\t<\/dt><\/dl><dl class='gallery-item'>\n\t\t\t<dt class='gallery-icon landscape'>\n\t\t\t\t<a href='https:\/\/cartografiadadancadoacre.com.br\/wp-content\/uploads\/2017\/11\/esperanca_exaltai_2017_foto-7.jpg'><img loading=\"lazy\" decoding=\"async\" width=\"150\" height=\"150\" src=\"https:\/\/cartografiadadancadoacre.com.br\/wp-content\/uploads\/2017\/11\/esperanca_exaltai_2017_foto-7-150x150.jpg\" class=\"attachment-thumbnail size-thumbnail\" alt=\"\" \/><\/a>\n\t\t\t<\/dt><\/dl><dl class='gallery-item'>\n\t\t\t<dt class='gallery-icon landscape'>\n\t\t\t\t<a href='https:\/\/cartografiadadancadoacre.com.br\/wp-content\/uploads\/2017\/11\/esperanca_exaltai_2017_foto-8.jpg'><img loading=\"lazy\" decoding=\"async\" width=\"150\" height=\"150\" src=\"https:\/\/cartografiadadancadoacre.com.br\/wp-content\/uploads\/2017\/11\/esperanca_exaltai_2017_foto-8-150x150.jpg\" class=\"attachment-thumbnail size-thumbnail\" alt=\"\" \/><\/a>\n\t\t\t<\/dt><\/dl><br style=\"clear: both\" \/><dl class='gallery-item'>\n\t\t\t<dt class='gallery-icon landscape'>\n\t\t\t\t<a href='https:\/\/cartografiadadancadoacre.com.br\/wp-content\/uploads\/2017\/11\/esperanca_exaltai_2017_foto-9.jpg'><img loading=\"lazy\" decoding=\"async\" width=\"150\" height=\"150\" src=\"https:\/\/cartografiadadancadoacre.com.br\/wp-content\/uploads\/2017\/11\/esperanca_exaltai_2017_foto-9-150x150.jpg\" class=\"attachment-thumbnail size-thumbnail\" alt=\"\" \/><\/a>\n\t\t\t<\/dt><\/dl><dl class='gallery-item'>\n\t\t\t<dt class='gallery-icon landscape'>\n\t\t\t\t<a href='https:\/\/cartografiadadancadoacre.com.br\/wp-content\/uploads\/2017\/11\/esperanca_exaltai_2017_foto-10.jpg'><img loading=\"lazy\" decoding=\"async\" width=\"150\" height=\"150\" src=\"https:\/\/cartografiadadancadoacre.com.br\/wp-content\/uploads\/2017\/11\/esperanca_exaltai_2017_foto-10-150x150.jpg\" class=\"attachment-thumbnail size-thumbnail\" alt=\"\" \/><\/a>\n\t\t\t<\/dt><\/dl><dl class='gallery-item'>\n\t\t\t<dt class='gallery-icon landscape'>\n\t\t\t\t<a href='https:\/\/cartografiadadancadoacre.com.br\/wp-content\/uploads\/2017\/11\/esperanca_exaltai_2017_foto-11.jpg'><img loading=\"lazy\" decoding=\"async\" width=\"150\" height=\"150\" src=\"https:\/\/cartografiadadancadoacre.com.br\/wp-content\/uploads\/2017\/11\/esperanca_exaltai_2017_foto-11-150x150.jpg\" class=\"attachment-thumbnail size-thumbnail\" alt=\"\" srcset=\"https:\/\/cartografiadadancadoacre.com.br\/wp-content\/uploads\/2017\/11\/esperanca_exaltai_2017_foto-11-150x150.jpg 150w, https:\/\/cartografiadadancadoacre.com.br\/wp-content\/uploads\/2017\/11\/esperanca_exaltai_2017_foto-11-300x300.jpg 300w, https:\/\/cartografiadadancadoacre.com.br\/wp-content\/uploads\/2017\/11\/esperanca_exaltai_2017_foto-11.jpg 720w\" sizes=\"(max-width: 150px) 100vw, 150px\" \/><\/a>\n\t\t\t<\/dt><\/dl><dl class='gallery-item'>\n\t\t\t<dt class='gallery-icon landscape'>\n\t\t\t\t<a href='https:\/\/cartografiadadancadoacre.com.br\/wp-content\/uploads\/2017\/11\/esperanca_exaltai_2017_foto-12.jpg'><img loading=\"lazy\" decoding=\"async\" width=\"150\" height=\"150\" src=\"https:\/\/cartografiadadancadoacre.com.br\/wp-content\/uploads\/2017\/11\/esperanca_exaltai_2017_foto-12-150x150.jpg\" class=\"attachment-thumbnail size-thumbnail\" alt=\"\" \/><\/a>\n\t\t\t<\/dt><\/dl><br style=\"clear: both\" \/><dl class='gallery-item'>\n\t\t\t<dt class='gallery-icon landscape'>\n\t\t\t\t<a href='https:\/\/cartografiadadancadoacre.com.br\/wp-content\/uploads\/2017\/11\/esperanca_exaltai_2017_foto-13.jpg'><img loading=\"lazy\" decoding=\"async\" width=\"150\" height=\"150\" src=\"https:\/\/cartografiadadancadoacre.com.br\/wp-content\/uploads\/2017\/11\/esperanca_exaltai_2017_foto-13-150x150.jpg\" class=\"attachment-thumbnail size-thumbnail\" alt=\"\" \/><\/a>\n\t\t\t<\/dt><\/dl><dl class='gallery-item'>\n\t\t\t<dt class='gallery-icon landscape'>\n\t\t\t\t<a href='https:\/\/cartografiadadancadoacre.com.br\/wp-content\/uploads\/2017\/11\/esperanca_exaltai_2017_foto-14.jpg'><img loading=\"lazy\" decoding=\"async\" width=\"150\" height=\"150\" src=\"https:\/\/cartografiadadancadoacre.com.br\/wp-content\/uploads\/2017\/11\/esperanca_exaltai_2017_foto-14-150x150.jpg\" class=\"attachment-thumbnail size-thumbnail\" alt=\"\" \/><\/a>\n\t\t\t<\/dt><\/dl><dl class='gallery-item'>\n\t\t\t<dt class='gallery-icon landscape'>\n\t\t\t\t<a href='https:\/\/cartografiadadancadoacre.com.br\/wp-content\/uploads\/2017\/11\/esperanca_exaltai_2017_foto-15.jpg'><img loading=\"lazy\" decoding=\"async\" width=\"150\" height=\"150\" src=\"https:\/\/cartografiadadancadoacre.com.br\/wp-content\/uploads\/2017\/11\/esperanca_exaltai_2017_foto-15-150x150.jpg\" class=\"attachment-thumbnail size-thumbnail\" alt=\"\" \/><\/a>\n\t\t\t<\/dt><\/dl><dl class='gallery-item'>\n\t\t\t<dt class='gallery-icon portrait'>\n\t\t\t\t<a href='https:\/\/cartografiadadancadoacre.com.br\/wp-content\/uploads\/2017\/11\/esperanca_exaltai_2017_foto-16.jpg'><img loading=\"lazy\" decoding=\"async\" width=\"150\" height=\"150\" src=\"https:\/\/cartografiadadancadoacre.com.br\/wp-content\/uploads\/2017\/11\/esperanca_exaltai_2017_foto-16-150x150.jpg\" class=\"attachment-thumbnail size-thumbnail\" alt=\"\" \/><\/a>\n\t\t\t<\/dt><\/dl><br style=\"clear: both\" \/><dl class='gallery-item'>\n\t\t\t<dt class='gallery-icon landscape'>\n\t\t\t\t<a href='https:\/\/cartografiadadancadoacre.com.br\/wp-content\/uploads\/2017\/11\/esperanca_exaltai_2017_foto-17.jpg'><img loading=\"lazy\" decoding=\"async\" width=\"150\" height=\"150\" src=\"https:\/\/cartografiadadancadoacre.com.br\/wp-content\/uploads\/2017\/11\/esperanca_exaltai_2017_foto-17-150x150.jpg\" class=\"attachment-thumbnail size-thumbnail\" alt=\"\" \/><\/a>\n\t\t\t<\/dt><\/dl><dl class='gallery-item'>\n\t\t\t<dt class='gallery-icon landscape'>\n\t\t\t\t<a href='https:\/\/cartografiadadancadoacre.com.br\/wp-content\/uploads\/2017\/11\/esperanca_exaltai_2017_foto-18.jpg'><img loading=\"lazy\" decoding=\"async\" width=\"150\" height=\"150\" src=\"https:\/\/cartografiadadancadoacre.com.br\/wp-content\/uploads\/2017\/11\/esperanca_exaltai_2017_foto-18-150x150.jpg\" class=\"attachment-thumbnail size-thumbnail\" alt=\"\" \/><\/a>\n\t\t\t<\/dt><\/dl><dl class='gallery-item'>\n\t\t\t<dt class='gallery-icon landscape'>\n\t\t\t\t<a href='https:\/\/cartografiadadancadoacre.com.br\/wp-content\/uploads\/2017\/11\/esperanca_exaltai_2017_foto-19.jpg'><img loading=\"lazy\" decoding=\"async\" width=\"150\" height=\"150\" src=\"https:\/\/cartografiadadancadoacre.com.br\/wp-content\/uploads\/2017\/11\/esperanca_exaltai_2017_foto-19-150x150.jpg\" class=\"attachment-thumbnail size-thumbnail\" alt=\"\" \/><\/a>\n\t\t\t<\/dt><\/dl><dl class='gallery-item'>\n\t\t\t<dt class='gallery-icon landscape'>\n\t\t\t\t<a href='https:\/\/cartografiadadancadoacre.com.br\/wp-content\/uploads\/2017\/11\/esperanca_exaltai_2017_foto-20.jpg'><img loading=\"lazy\" decoding=\"async\" width=\"150\" height=\"150\" src=\"https:\/\/cartografiadadancadoacre.com.br\/wp-content\/uploads\/2017\/11\/esperanca_exaltai_2017_foto-20-150x150.jpg\" class=\"attachment-thumbnail size-thumbnail\" alt=\"\" \/><\/a>\n\t\t\t<\/dt><\/dl><br style=\"clear: both\" \/><dl class='gallery-item'>\n\t\t\t<dt class='gallery-icon landscape'>\n\t\t\t\t<a href='https:\/\/cartografiadadancadoacre.com.br\/wp-content\/uploads\/2017\/11\/esperanca_exaltai_2017_foto-22.jpg'><img loading=\"lazy\" decoding=\"async\" width=\"150\" height=\"150\" src=\"https:\/\/cartografiadadancadoacre.com.br\/wp-content\/uploads\/2017\/11\/esperanca_exaltai_2017_foto-22-150x150.jpg\" class=\"attachment-thumbnail size-thumbnail\" alt=\"\" \/><\/a>\n\t\t\t<\/dt><\/dl><dl class='gallery-item'>\n\t\t\t<dt class='gallery-icon landscape'>\n\t\t\t\t<a href='https:\/\/cartografiadadancadoacre.com.br\/wp-content\/uploads\/2017\/11\/esperanca_exaltai_2017_foto-23.jpg'><img loading=\"lazy\" decoding=\"async\" width=\"150\" height=\"150\" src=\"https:\/\/cartografiadadancadoacre.com.br\/wp-content\/uploads\/2017\/11\/esperanca_exaltai_2017_foto-23-150x150.jpg\" class=\"attachment-thumbnail size-thumbnail\" alt=\"\" \/><\/a>\n\t\t\t<\/dt><\/dl><dl class='gallery-item'>\n\t\t\t<dt class='gallery-icon landscape'>\n\t\t\t\t<a href='https:\/\/cartografiadadancadoacre.com.br\/wp-content\/uploads\/2017\/11\/esperanca_exaltai_2017_foto-24.jpg'><img loading=\"lazy\" decoding=\"async\" width=\"150\" height=\"150\" src=\"https:\/\/cartografiadadancadoacre.com.br\/wp-content\/uploads\/2017\/11\/esperanca_exaltai_2017_foto-24-150x150.jpg\" class=\"attachment-thumbnail size-thumbnail\" alt=\"\" \/><\/a>\n\t\t\t<\/dt><\/dl><dl class='gallery-item'>\n\t\t\t<dt class='gallery-icon portrait'>\n\t\t\t\t<a href='https:\/\/cartografiadadancadoacre.com.br\/wp-content\/uploads\/2017\/11\/esperanca_exaltai_2017_foto-25.jpg'><img loading=\"lazy\" decoding=\"async\" width=\"150\" height=\"150\" src=\"https:\/\/cartografiadadancadoacre.com.br\/wp-content\/uploads\/2017\/11\/esperanca_exaltai_2017_foto-25-150x150.jpg\" class=\"attachment-thumbnail size-thumbnail\" alt=\"\" \/><\/a>\n\t\t\t<\/dt><\/dl><br style=\"clear: both\" \/>\n\t\t<\/div>\n\n<p style=\"text-align: center;\"><span id=\"m_4650315354493649781yui_3_16_0_ym19_1_1503607540178_18452\">OBS: Todas as fotos foram doadas por artistas da cidade ao acervo.<\/span>\u00a0Caso reconhe\u00e7a o autor de alguma dessas fotos, por favor, entre em contato conosco, pois \u00e9 nosso interesse registrar e resguardar os direitos dos profissionais.<\/p>\n<h1>V\u00cdDEOS<\/h1>\n<p><iframe loading=\"lazy\" src=\"https:\/\/player.vimeo.com\/video\/243420647\" width=\"1080\" height=\"574\" frameborder=\"0\" title=\"Esperan&ccedil;a_Escola de Dan&ccedil;a Exaltai_2017\" webkitallowfullscreen mozallowfullscreen allowfullscreen><\/iframe><\/p>\n<h1>PE\u00c7AS GR\u00c1FICAS<\/h1>\n<p><a href=\"http:\/\/cartografiadadancadoacre.com.br\/wp-content\/uploads\/2017\/11\/esperanca_exaltai_2017_cartaz.jpg\"><img loading=\"lazy\" decoding=\"async\" class=\"alignnone size-medium wp-image-3538\" src=\"http:\/\/cartografiadadancadoacre.com.br\/wp-content\/uploads\/2017\/11\/esperanca_exaltai_2017_cartaz-182x300.jpg\" alt=\"\" width=\"182\" height=\"300\" srcset=\"https:\/\/cartografiadadancadoacre.com.br\/wp-content\/uploads\/2017\/11\/esperanca_exaltai_2017_cartaz-182x300.jpg 182w, https:\/\/cartografiadadancadoacre.com.br\/wp-content\/uploads\/2017\/11\/esperanca_exaltai_2017_cartaz.jpg 583w\" sizes=\"(max-width: 182px) 100vw, 182px\" \/><\/a><\/p>\n<p><a href=\"http:\/\/cartografiadadancadoacre.com.br\/wp-content\/uploads\/2017\/11\/esperanca_exaltai_2017.jpg\"><img loading=\"lazy\" decoding=\"async\" class=\"alignnone size-medium wp-image-3543\" src=\"http:\/\/cartografiadadancadoacre.com.br\/wp-content\/uploads\/2017\/11\/esperanca_exaltai_2017-300x97.jpg\" alt=\"\" width=\"300\" height=\"97\" srcset=\"https:\/\/cartografiadadancadoacre.com.br\/wp-content\/uploads\/2017\/11\/esperanca_exaltai_2017-300x97.jpg 300w, https:\/\/cartografiadadancadoacre.com.br\/wp-content\/uploads\/2017\/11\/esperanca_exaltai_2017-768x249.jpg 768w, https:\/\/cartografiadadancadoacre.com.br\/wp-content\/uploads\/2017\/11\/esperanca_exaltai_2017-1024x331.jpg 1024w, https:\/\/cartografiadadancadoacre.com.br\/wp-content\/uploads\/2017\/11\/esperanca_exaltai_2017-1080x350.jpg 1080w, https:\/\/cartografiadadancadoacre.com.br\/wp-content\/uploads\/2017\/11\/esperanca_exaltai_2017.jpg 1733w\" sizes=\"(max-width: 300px) 100vw, 300px\" \/><\/a><\/p>\n<p><a href=\"http:\/\/cartografiadadancadoacre.com.br\/wp-content\/uploads\/2017\/11\/esperanca_exaltai_2017_folder.jpg\"><img loading=\"lazy\" decoding=\"async\" class=\"alignnone wp-image-3539 size-large\" src=\"http:\/\/cartografiadadancadoacre.com.br\/wp-content\/uploads\/2017\/11\/esperanca_exaltai_2017_folder-757x1024.jpg\" alt=\"\" width=\"757\" height=\"1024\" srcset=\"https:\/\/cartografiadadancadoacre.com.br\/wp-content\/uploads\/2017\/11\/esperanca_exaltai_2017_folder-757x1024.jpg 757w, https:\/\/cartografiadadancadoacre.com.br\/wp-content\/uploads\/2017\/11\/esperanca_exaltai_2017_folder-222x300.jpg 222w, https:\/\/cartografiadadancadoacre.com.br\/wp-content\/uploads\/2017\/11\/esperanca_exaltai_2017_folder-768x1039.jpg 768w, https:\/\/cartografiadadancadoacre.com.br\/wp-content\/uploads\/2017\/11\/esperanca_exaltai_2017_folder-1080x1462.jpg 1080w, https:\/\/cartografiadadancadoacre.com.br\/wp-content\/uploads\/2017\/11\/esperanca_exaltai_2017_folder.jpg 1647w\" sizes=\"(max-width: 757px) 100vw, 757px\" \/><\/a><\/p>\n<h1>LINKS<\/h1>\n<p>Em constru\u00e7\u00e3o.<\/p>\n<h1>MATERIAL NA IMPRENSA<\/h1>\n<p>Em constru\u00e7\u00e3o.<\/p>\n","protected":false},"excerpt":{"rendered":"<p>Escola de Dan\u00e7a Exaltai SINOPSE Rute era uma jovem da terra de Moabe; ela n\u00e3o era da na\u00e7\u00e3o de Deus, Israel. Mas, quando aprendeu com sua sogra Noemi sobre o verdadeiro Deus passou a ter uma fidelidade perp\u00e9tua que a levou a um lugar de honra nas terras de Boaz. O espet\u00e1culo conta essa linda [&hellip;]<\/p>\n","protected":false},"author":1,"featured_media":0,"comment_status":"open","ping_status":"open","sticky":false,"template":"","format":"standard","meta":{"_et_pb_use_builder":"","_et_pb_old_content":"","_et_gb_content_width":"","footnotes":""},"categories":[2],"tags":[],"class_list":["post-3513","post","type-post","status-publish","format-standard","hentry","category-espetaculos"],"_links":{"self":[{"href":"https:\/\/cartografiadadancadoacre.com.br\/index.php?rest_route=\/wp\/v2\/posts\/3513","targetHints":{"allow":["GET"]}}],"collection":[{"href":"https:\/\/cartografiadadancadoacre.com.br\/index.php?rest_route=\/wp\/v2\/posts"}],"about":[{"href":"https:\/\/cartografiadadancadoacre.com.br\/index.php?rest_route=\/wp\/v2\/types\/post"}],"author":[{"embeddable":true,"href":"https:\/\/cartografiadadancadoacre.com.br\/index.php?rest_route=\/wp\/v2\/users\/1"}],"replies":[{"embeddable":true,"href":"https:\/\/cartografiadadancadoacre.com.br\/index.php?rest_route=%2Fwp%2Fv2%2Fcomments&post=3513"}],"version-history":[{"count":0,"href":"https:\/\/cartografiadadancadoacre.com.br\/index.php?rest_route=\/wp\/v2\/posts\/3513\/revisions"}],"wp:attachment":[{"href":"https:\/\/cartografiadadancadoacre.com.br\/index.php?rest_route=%2Fwp%2Fv2%2Fmedia&parent=3513"}],"wp:term":[{"taxonomy":"category","embeddable":true,"href":"https:\/\/cartografiadadancadoacre.com.br\/index.php?rest_route=%2Fwp%2Fv2%2Fcategories&post=3513"},{"taxonomy":"post_tag","embeddable":true,"href":"https:\/\/cartografiadadancadoacre.com.br\/index.php?rest_route=%2Fwp%2Fv2%2Ftags&post=3513"}],"curies":[{"name":"wp","href":"https:\/\/api.w.org\/{rel}","templated":true}]}}