{"id":3510,"date":"2017-11-16T14:31:58","date_gmt":"2017-11-16T14:31:58","guid":{"rendered":"http:\/\/cartografiadadancadoacre.com.br\/?p=3510"},"modified":"2020-09-12T19:44:03","modified_gmt":"2020-09-12T19:44:03","slug":"companhia-de-danca-corporeos","status":"publish","type":"post","link":"https:\/\/cartografiadadancadoacre.com.br\/?p=3510","title":{"rendered":"Companhia de Dan\u00e7a Corp\u00f3reos (Rio Branco)"},"content":{"rendered":"<h1>SOBRE<\/h1>\n<p>A Companhia de Dan\u00e7a Corp\u00f3reos, criada em 2017 na cidade de Rio Branco &#8211; AC, foi um in\u00edcio de uma nova fase para um grupo de pessoas que dan\u00e7avam em uma igreja. O surgimento aconteceu por um desejo que partiu do coordenador do grupo, de criar um trabalho que fosse resultado de um processo de busca e investiga\u00e7\u00e3o atrav\u00e9s da dan\u00e7a contempor\u00e2nea, diferente do habito de criar coreografias pontuais para eventos espec\u00edficos. O grupo n\u00e3o se reuniu por rela\u00e7\u00f5es de trabalho, mas por afinidade art\u00edstica, sem apoio econ\u00f4mico de qualquer natureza.<\/p>\n<p>FONTE: Texto fornecido por Felipe Barbosa (Companhia de Dan\u00e7a Corp\u00f3reos)<\/p>\n<h1>ESPET\u00c1CULOS<\/h1>\n<p><a href=\"http:\/\/cartografiadadancadoacre.com.br\/?p=3964\">Ecos (2018)<\/a><\/p>\n<p>&nbsp;<\/p>\n","protected":false},"excerpt":{"rendered":"<p>SOBRE A Companhia de Dan\u00e7a Corp\u00f3reos, criada em 2017 na cidade de Rio Branco &#8211; AC, foi um in\u00edcio de uma nova fase para um grupo de pessoas que dan\u00e7avam em uma igreja. O surgimento aconteceu por um desejo que partiu do coordenador do grupo, de criar um trabalho que fosse resultado de um processo [&hellip;]<\/p>\n","protected":false},"author":1,"featured_media":0,"comment_status":"open","ping_status":"open","sticky":false,"template":"","format":"standard","meta":{"_et_pb_use_builder":"","_et_pb_old_content":"","_et_gb_content_width":"","footnotes":""},"categories":[5],"tags":[],"class_list":["post-3510","post","type-post","status-publish","format-standard","hentry","category-grupos"],"_links":{"self":[{"href":"https:\/\/cartografiadadancadoacre.com.br\/index.php?rest_route=\/wp\/v2\/posts\/3510","targetHints":{"allow":["GET"]}}],"collection":[{"href":"https:\/\/cartografiadadancadoacre.com.br\/index.php?rest_route=\/wp\/v2\/posts"}],"about":[{"href":"https:\/\/cartografiadadancadoacre.com.br\/index.php?rest_route=\/wp\/v2\/types\/post"}],"author":[{"embeddable":true,"href":"https:\/\/cartografiadadancadoacre.com.br\/index.php?rest_route=\/wp\/v2\/users\/1"}],"replies":[{"embeddable":true,"href":"https:\/\/cartografiadadancadoacre.com.br\/index.php?rest_route=%2Fwp%2Fv2%2Fcomments&post=3510"}],"version-history":[{"count":3,"href":"https:\/\/cartografiadadancadoacre.com.br\/index.php?rest_route=\/wp\/v2\/posts\/3510\/revisions"}],"predecessor-version":[{"id":4921,"href":"https:\/\/cartografiadadancadoacre.com.br\/index.php?rest_route=\/wp\/v2\/posts\/3510\/revisions\/4921"}],"wp:attachment":[{"href":"https:\/\/cartografiadadancadoacre.com.br\/index.php?rest_route=%2Fwp%2Fv2%2Fmedia&parent=3510"}],"wp:term":[{"taxonomy":"category","embeddable":true,"href":"https:\/\/cartografiadadancadoacre.com.br\/index.php?rest_route=%2Fwp%2Fv2%2Fcategories&post=3510"},{"taxonomy":"post_tag","embeddable":true,"href":"https:\/\/cartografiadadancadoacre.com.br\/index.php?rest_route=%2Fwp%2Fv2%2Ftags&post=3510"}],"curies":[{"name":"wp","href":"https:\/\/api.w.org\/{rel}","templated":true}]}}