{"id":3276,"date":"2017-11-04T20:39:20","date_gmt":"2017-11-04T20:39:20","guid":{"rendered":"http:\/\/cartografiadadancadoacre.com.br\/?p=3276"},"modified":"2020-09-12T20:04:51","modified_gmt":"2020-09-12T20:04:51","slug":"studio-de-danca-gabili-2","status":"publish","type":"post","link":"https:\/\/cartografiadadancadoacre.com.br\/?p=3276","title":{"rendered":"Studio de Dan\u00e7a Gabil\u00ed (Rio Branco)"},"content":{"rendered":"<h1>SOBRE<\/h1>\n<p>O Studio de dan\u00e7a Gabil\u00ed iniciou suas atividades em 2015 na cidade de Rio Branco &#8211; AC. Sob Dire\u00e7\u00e3o de Gabriela Taveira, o Studio\u00a0 trabalha com o as modalidades de Bal\u00e9 Cl\u00e1ssico, Jazz e Sapateado e tem alcan\u00e7ado \u00f3timos resultados. \u00c9 equipado com uma excelente estrutura e \u00f3timos profissionais.<\/p>\n<p>FONTE: Texto fornecido por Jhon Gomes (Studio de Dan\u00e7a Gabil\u00ed)<\/p>\n<p>Facebook:\u00a0<a href=\"https:\/\/www.facebook.com\/studiodedancagabili\/?fref=ts\" target=\"_blank\" rel=\"noopener noreferrer\">https:\/\/www.facebook.com\/studiodedancagabili\/?fref=ts<\/a><\/p>\n<h1>ESPET\u00c1CULOS<\/h1>\n<p><a href=\"http:\/\/cartografiadadancadoacre.com.br\/?p=3281\">A Bela e a Fera (2017)<\/a><\/p>\n","protected":false},"excerpt":{"rendered":"<p>SOBRE O Studio de dan\u00e7a Gabil\u00ed iniciou suas atividades em 2015 na cidade de Rio Branco &#8211; AC. Sob Dire\u00e7\u00e3o de Gabriela Taveira, o Studio\u00a0 trabalha com o as modalidades de Bal\u00e9 Cl\u00e1ssico, Jazz e Sapateado e tem alcan\u00e7ado \u00f3timos resultados. \u00c9 equipado com uma excelente estrutura e \u00f3timos profissionais. FONTE: Texto fornecido por Jhon [&hellip;]<\/p>\n","protected":false},"author":1,"featured_media":0,"comment_status":"open","ping_status":"open","sticky":false,"template":"","format":"standard","meta":{"_et_pb_use_builder":"","_et_pb_old_content":"","_et_gb_content_width":"","footnotes":""},"categories":[5],"tags":[],"class_list":["post-3276","post","type-post","status-publish","format-standard","hentry","category-grupos"],"_links":{"self":[{"href":"https:\/\/cartografiadadancadoacre.com.br\/index.php?rest_route=\/wp\/v2\/posts\/3276","targetHints":{"allow":["GET"]}}],"collection":[{"href":"https:\/\/cartografiadadancadoacre.com.br\/index.php?rest_route=\/wp\/v2\/posts"}],"about":[{"href":"https:\/\/cartografiadadancadoacre.com.br\/index.php?rest_route=\/wp\/v2\/types\/post"}],"author":[{"embeddable":true,"href":"https:\/\/cartografiadadancadoacre.com.br\/index.php?rest_route=\/wp\/v2\/users\/1"}],"replies":[{"embeddable":true,"href":"https:\/\/cartografiadadancadoacre.com.br\/index.php?rest_route=%2Fwp%2Fv2%2Fcomments&post=3276"}],"version-history":[{"count":1,"href":"https:\/\/cartografiadadancadoacre.com.br\/index.php?rest_route=\/wp\/v2\/posts\/3276\/revisions"}],"predecessor-version":[{"id":4942,"href":"https:\/\/cartografiadadancadoacre.com.br\/index.php?rest_route=\/wp\/v2\/posts\/3276\/revisions\/4942"}],"wp:attachment":[{"href":"https:\/\/cartografiadadancadoacre.com.br\/index.php?rest_route=%2Fwp%2Fv2%2Fmedia&parent=3276"}],"wp:term":[{"taxonomy":"category","embeddable":true,"href":"https:\/\/cartografiadadancadoacre.com.br\/index.php?rest_route=%2Fwp%2Fv2%2Fcategories&post=3276"},{"taxonomy":"post_tag","embeddable":true,"href":"https:\/\/cartografiadadancadoacre.com.br\/index.php?rest_route=%2Fwp%2Fv2%2Ftags&post=3276"}],"curies":[{"name":"wp","href":"https:\/\/api.w.org\/{rel}","templated":true}]}}