{"id":312,"date":"2015-12-07T16:22:18","date_gmt":"2015-12-07T16:22:18","guid":{"rendered":"http:\/\/cartografiadadancadoacre.com.br\/?p=312"},"modified":"2020-09-15T19:07:28","modified_gmt":"2020-09-15T19:07:28","slug":"origens-sem-data","status":"publish","type":"post","link":"https:\/\/cartografiadadancadoacre.com.br\/?p=312","title":{"rendered":"Origens &#8211; Uma homenagem a H\u00e9lio Melo (2012)"},"content":{"rendered":"<p><a href=\"http:\/\/cartografiadadancadoacre.com.br\/?p=198\">Grupo de Extens\u00e3o e Pesquisa em Artes C\u00eanicas N\u00f3is da Casa<\/a><\/p>\n<hr \/>\n<h1>SINOPSE<\/h1>\n<p>Tendo como fonte inspiradora para a montagem do espet\u00e1culo as obras do artista acriano Helio Melo (1926-2001) o grupo busca nesse trabalho uma rela\u00e7\u00e3o pulsante entre o modo de vida do homem da floresta e a dramaturgia na Dan\u00e7a, construindo pinturas moventes em um espa\u00e7o c\u00eanico que mescla lembran\u00e7as, amores e conflitos sem perder\u00a0a simplicidade comumente vista nas obras do homenageado.\u00a0Partituras coreogr\u00e1ficas e cenas inteiras se repetem revelando novas pinturas, sempre carregadas de subjetividade e reflex\u00f5es sobre tradi\u00e7\u00e3o e modernidade, ponto de partida e questionamento do fazer art\u00edstico de Helio Melo.<br \/>\nA trilha sonora original \u00e9 inspirada na cultura regional, bem como, a cenografia que enriquece a dramaturgia do trabalho conduzindo a roteiros de hist\u00f3ria onde o narrador \u00e9 o p\u00fablico.<\/p>\n<p>FONTE: Texto fornecido por Valeska Alvim (Grupo de Extens\u00e3o e Pesquisa em Artes C\u00eanicas N\u00f3is da Casa)<\/p>\n<h1>FICHA T\u00c9CNICA<\/h1>\n<p>Dire\u00e7\u00e3o: Valeska Alvim<br \/>\nBailarinos: Christian Morais, Lineker Pontes, Felipe Barbosa, Lucas Souza, Sara Brito, Wanessa Lima, Rayana Matos, Jhon Gomes, Katherine Teodoro, Sidney Seixas, Jos\u00e9 Souza, Jhony Nascimento, Vanessa Jardim e Marcos Ant\u00f4nio<br \/>\nAuxiliar de Produ\u00e7\u00e3o: Adriana Maria<br \/>\nIlumina\u00e7\u00e3o: Socorro Paiva e Ivan de Castela<br \/>\nCenografia: Gisela Brugnara<br \/>\nTrilha Sonora: \u00c9cio Rog\u00e9rio e Jo\u00e3o Veras<\/p>\n<h1>FOTO<\/h1>\n\n\t\t<style type=\"text\/css\">\n\t\t\t#gallery-1 {\n\t\t\t\tmargin: auto;\n\t\t\t}\n\t\t\t#gallery-1 .gallery-item {\n\t\t\t\tfloat: left;\n\t\t\t\tmargin-top: 10px;\n\t\t\t\ttext-align: center;\n\t\t\t\twidth: 25%;\n\t\t\t}\n\t\t\t#gallery-1 img {\n\t\t\t\tborder: 2px solid #cfcfcf;\n\t\t\t}\n\t\t\t#gallery-1 .gallery-caption {\n\t\t\t\tmargin-left: 0;\n\t\t\t}\n\t\t\t\/* see gallery_shortcode() in wp-includes\/media.php *\/\n\t\t<\/style>\n\t\t<div id='gallery-1' class='gallery galleryid-312 gallery-columns-4 gallery-size-thumbnail'><dl class='gallery-item'>\n\t\t\t<dt class='gallery-icon landscape'>\n\t\t\t\t<a href='https:\/\/cartografiadadancadoacre.com.br\/wp-content\/uploads\/2015\/12\/origens_noisdacasa_2016_foto-1.jpg'><img loading=\"lazy\" decoding=\"async\" width=\"150\" height=\"150\" src=\"https:\/\/cartografiadadancadoacre.com.br\/wp-content\/uploads\/2015\/12\/origens_noisdacasa_2016_foto-1-150x150.jpg\" class=\"attachment-thumbnail size-thumbnail\" alt=\"\" \/><\/a>\n\t\t\t<\/dt><\/dl><dl class='gallery-item'>\n\t\t\t<dt class='gallery-icon landscape'>\n\t\t\t\t<a href='https:\/\/cartografiadadancadoacre.com.br\/wp-content\/uploads\/2015\/12\/origens_noisdacasa_2016_foto-2.jpg'><img loading=\"lazy\" decoding=\"async\" width=\"150\" height=\"150\" src=\"https:\/\/cartografiadadancadoacre.com.br\/wp-content\/uploads\/2015\/12\/origens_noisdacasa_2016_foto-2-150x150.jpg\" class=\"attachment-thumbnail size-thumbnail\" alt=\"\" \/><\/a>\n\t\t\t<\/dt><\/dl><dl class='gallery-item'>\n\t\t\t<dt class='gallery-icon landscape'>\n\t\t\t\t<a href='https:\/\/cartografiadadancadoacre.com.br\/wp-content\/uploads\/2015\/12\/ESPETACULO-DE-DANCA-CONTEMPORANEA-ORIGENS_NOIS-DA-CASA-15.jpg'><img loading=\"lazy\" decoding=\"async\" width=\"150\" height=\"150\" src=\"https:\/\/cartografiadadancadoacre.com.br\/wp-content\/uploads\/2015\/12\/ESPETACULO-DE-DANCA-CONTEMPORANEA-ORIGENS_NOIS-DA-CASA-15-150x150.jpg\" class=\"attachment-thumbnail size-thumbnail\" alt=\"\" \/><\/a>\n\t\t\t<\/dt><\/dl><dl class='gallery-item'>\n\t\t\t<dt class='gallery-icon portrait'>\n\t\t\t\t<a href='https:\/\/cartografiadadancadoacre.com.br\/wp-content\/uploads\/2015\/12\/origens_noisdacasa_2016_foto-5.jpg'><img loading=\"lazy\" decoding=\"async\" width=\"150\" height=\"150\" src=\"https:\/\/cartografiadadancadoacre.com.br\/wp-content\/uploads\/2015\/12\/origens_noisdacasa_2016_foto-5-150x150.jpg\" class=\"attachment-thumbnail size-thumbnail\" alt=\"\" \/><\/a>\n\t\t\t<\/dt><\/dl><br style=\"clear: both\" \/><dl class='gallery-item'>\n\t\t\t<dt class='gallery-icon landscape'>\n\t\t\t\t<a href='https:\/\/cartografiadadancadoacre.com.br\/wp-content\/uploads\/2015\/12\/origens_noisdacasa_2016_foto-6.jpg'><img loading=\"lazy\" decoding=\"async\" width=\"150\" height=\"150\" src=\"https:\/\/cartografiadadancadoacre.com.br\/wp-content\/uploads\/2015\/12\/origens_noisdacasa_2016_foto-6-150x150.jpg\" class=\"attachment-thumbnail size-thumbnail\" alt=\"\" \/><\/a>\n\t\t\t<\/dt><\/dl><dl class='gallery-item'>\n\t\t\t<dt class='gallery-icon landscape'>\n\t\t\t\t<a href='https:\/\/cartografiadadancadoacre.com.br\/wp-content\/uploads\/2015\/12\/origens_noisdacasa_2016_foto-7.jpg'><img loading=\"lazy\" decoding=\"async\" width=\"150\" height=\"150\" src=\"https:\/\/cartografiadadancadoacre.com.br\/wp-content\/uploads\/2015\/12\/origens_noisdacasa_2016_foto-7-150x150.jpg\" class=\"attachment-thumbnail size-thumbnail\" alt=\"\" \/><\/a>\n\t\t\t<\/dt><\/dl><dl class='gallery-item'>\n\t\t\t<dt class='gallery-icon portrait'>\n\t\t\t\t<a href='https:\/\/cartografiadadancadoacre.com.br\/wp-content\/uploads\/2015\/12\/origens_noisdacasa_2016_foto-8.jpg'><img loading=\"lazy\" decoding=\"async\" width=\"150\" height=\"150\" src=\"https:\/\/cartografiadadancadoacre.com.br\/wp-content\/uploads\/2015\/12\/origens_noisdacasa_2016_foto-8-150x150.jpg\" class=\"attachment-thumbnail size-thumbnail\" alt=\"\" \/><\/a>\n\t\t\t<\/dt><\/dl><dl class='gallery-item'>\n\t\t\t<dt class='gallery-icon landscape'>\n\t\t\t\t<a href='https:\/\/cartografiadadancadoacre.com.br\/wp-content\/uploads\/2015\/12\/ESPETACULO-DE-DANCA-CONTEMPORANEA-ORIGENS_NOIS-DA-CASA-9.jpg'><img loading=\"lazy\" decoding=\"async\" width=\"150\" height=\"150\" src=\"https:\/\/cartografiadadancadoacre.com.br\/wp-content\/uploads\/2015\/12\/ESPETACULO-DE-DANCA-CONTEMPORANEA-ORIGENS_NOIS-DA-CASA-9-150x150.jpg\" class=\"attachment-thumbnail size-thumbnail\" alt=\"\" \/><\/a>\n\t\t\t<\/dt><\/dl><br style=\"clear: both\" \/><dl class='gallery-item'>\n\t\t\t<dt class='gallery-icon landscape'>\n\t\t\t\t<a href='https:\/\/cartografiadadancadoacre.com.br\/wp-content\/uploads\/2015\/12\/ESPETACULO-DE-DANCA-CONTEMPORANEA-ORIGENS_NOIS-DA-CASA-13.jpg'><img loading=\"lazy\" decoding=\"async\" width=\"150\" height=\"150\" src=\"https:\/\/cartografiadadancadoacre.com.br\/wp-content\/uploads\/2015\/12\/ESPETACULO-DE-DANCA-CONTEMPORANEA-ORIGENS_NOIS-DA-CASA-13-150x150.jpg\" class=\"attachment-thumbnail size-thumbnail\" alt=\"\" \/><\/a>\n\t\t\t<\/dt><\/dl><dl class='gallery-item'>\n\t\t\t<dt class='gallery-icon landscape'>\n\t\t\t\t<a href='https:\/\/cartografiadadancadoacre.com.br\/wp-content\/uploads\/2015\/12\/ESPETACULO-DE-DANCA-CONTEMPORANEA-ORIGENS_NOIS-DA-CASA-4.jpg'><img loading=\"lazy\" decoding=\"async\" width=\"150\" height=\"150\" src=\"https:\/\/cartografiadadancadoacre.com.br\/wp-content\/uploads\/2015\/12\/ESPETACULO-DE-DANCA-CONTEMPORANEA-ORIGENS_NOIS-DA-CASA-4-150x150.jpg\" class=\"attachment-thumbnail size-thumbnail\" alt=\"\" \/><\/a>\n\t\t\t<\/dt><\/dl><dl class='gallery-item'>\n\t\t\t<dt class='gallery-icon portrait'>\n\t\t\t\t<a href='https:\/\/cartografiadadancadoacre.com.br\/wp-content\/uploads\/2015\/12\/ESPETACULO-DE-DANCA-CONTEMPORANEA-ORIGENS_NOIS-DA-CASA-8.jpg'><img loading=\"lazy\" decoding=\"async\" width=\"150\" height=\"150\" src=\"https:\/\/cartografiadadancadoacre.com.br\/wp-content\/uploads\/2015\/12\/ESPETACULO-DE-DANCA-CONTEMPORANEA-ORIGENS_NOIS-DA-CASA-8-150x150.jpg\" class=\"attachment-thumbnail size-thumbnail\" alt=\"\" \/><\/a>\n\t\t\t<\/dt><\/dl><dl class='gallery-item'>\n\t\t\t<dt class='gallery-icon landscape'>\n\t\t\t\t<a href='https:\/\/cartografiadadancadoacre.com.br\/wp-content\/uploads\/2015\/12\/ESPETACULO-DE-DANCA-CONTEMPORANEA-ORIGENS_NOIS-DA-CASA_2012-a-2014_FOTO-7.jpg'><img loading=\"lazy\" decoding=\"async\" width=\"150\" height=\"150\" src=\"https:\/\/cartografiadadancadoacre.com.br\/wp-content\/uploads\/2015\/12\/ESPETACULO-DE-DANCA-CONTEMPORANEA-ORIGENS_NOIS-DA-CASA_2012-a-2014_FOTO-7-150x150.jpg\" class=\"attachment-thumbnail size-thumbnail\" alt=\"\" \/><\/a>\n\t\t\t<\/dt><\/dl><br style=\"clear: both\" \/><dl class='gallery-item'>\n\t\t\t<dt class='gallery-icon landscape'>\n\t\t\t\t<a href='https:\/\/cartografiadadancadoacre.com.br\/wp-content\/uploads\/2015\/12\/ESPETACULO-DE-DANCA-CONTEMPORANEA-ORIGENS_NOIS-DA-CASA_2012-a-2014_FOTO-12.jpg'><img loading=\"lazy\" decoding=\"async\" width=\"150\" height=\"150\" src=\"https:\/\/cartografiadadancadoacre.com.br\/wp-content\/uploads\/2015\/12\/ESPETACULO-DE-DANCA-CONTEMPORANEA-ORIGENS_NOIS-DA-CASA_2012-a-2014_FOTO-12-150x150.jpg\" class=\"attachment-thumbnail size-thumbnail\" alt=\"\" \/><\/a>\n\t\t\t<\/dt><\/dl><dl class='gallery-item'>\n\t\t\t<dt class='gallery-icon landscape'>\n\t\t\t\t<a href='https:\/\/cartografiadadancadoacre.com.br\/wp-content\/uploads\/2015\/12\/ESPETACULO-DE-DANCA-CONTEMPORANEA-ORIGENS_NOIS-DA-CASA_2012-a-2014_FOTO-13.jpg'><img loading=\"lazy\" decoding=\"async\" width=\"150\" height=\"150\" src=\"https:\/\/cartografiadadancadoacre.com.br\/wp-content\/uploads\/2015\/12\/ESPETACULO-DE-DANCA-CONTEMPORANEA-ORIGENS_NOIS-DA-CASA_2012-a-2014_FOTO-13-150x150.jpg\" class=\"attachment-thumbnail size-thumbnail\" alt=\"\" \/><\/a>\n\t\t\t<\/dt><\/dl><dl class='gallery-item'>\n\t\t\t<dt class='gallery-icon portrait'>\n\t\t\t\t<a href='https:\/\/cartografiadadancadoacre.com.br\/wp-content\/uploads\/2015\/12\/espetaculo-origens_nois-da-casa_2012_Fotos-24.jpg'><img loading=\"lazy\" decoding=\"async\" width=\"150\" height=\"150\" src=\"https:\/\/cartografiadadancadoacre.com.br\/wp-content\/uploads\/2015\/12\/espetaculo-origens_nois-da-casa_2012_Fotos-24-150x150.jpg\" class=\"attachment-thumbnail size-thumbnail\" alt=\"\" \/><\/a>\n\t\t\t<\/dt><\/dl><dl class='gallery-item'>\n\t\t\t<dt class='gallery-icon landscape'>\n\t\t\t\t<a href='https:\/\/cartografiadadancadoacre.com.br\/wp-content\/uploads\/2015\/12\/ESPETACULO-DE-DANCA-CONTEMPORANEA-ORIGENS_NOIS-DA-CASA_2012-a-2014_FOTO-14.jpg'><img loading=\"lazy\" decoding=\"async\" width=\"150\" height=\"150\" src=\"https:\/\/cartografiadadancadoacre.com.br\/wp-content\/uploads\/2015\/12\/ESPETACULO-DE-DANCA-CONTEMPORANEA-ORIGENS_NOIS-DA-CASA_2012-a-2014_FOTO-14-150x150.jpg\" class=\"attachment-thumbnail size-thumbnail\" alt=\"\" \/><\/a>\n\t\t\t<\/dt><\/dl><br style=\"clear: both\" \/><dl class='gallery-item'>\n\t\t\t<dt class='gallery-icon portrait'>\n\t\t\t\t<a href='https:\/\/cartografiadadancadoacre.com.br\/wp-content\/uploads\/2015\/12\/22547496_1398819790234711_505864458_n.jpg'><img loading=\"lazy\" decoding=\"async\" width=\"150\" height=\"150\" src=\"https:\/\/cartografiadadancadoacre.com.br\/wp-content\/uploads\/2015\/12\/22547496_1398819790234711_505864458_n-150x150.jpg\" class=\"attachment-thumbnail size-thumbnail\" alt=\"\" \/><\/a>\n\t\t\t<\/dt><\/dl><dl class='gallery-item'>\n\t\t\t<dt class='gallery-icon landscape'>\n\t\t\t\t<a href='https:\/\/cartografiadadancadoacre.com.br\/wp-content\/uploads\/2015\/12\/22547867_1398819526901404_1124089519_n.jpg'><img loading=\"lazy\" decoding=\"async\" width=\"150\" height=\"150\" src=\"https:\/\/cartografiadadancadoacre.com.br\/wp-content\/uploads\/2015\/12\/22547867_1398819526901404_1124089519_n-150x150.jpg\" class=\"attachment-thumbnail size-thumbnail\" alt=\"\" \/><\/a>\n\t\t\t<\/dt><\/dl><dl class='gallery-item'>\n\t\t\t<dt class='gallery-icon landscape'>\n\t\t\t\t<a href='https:\/\/cartografiadadancadoacre.com.br\/wp-content\/uploads\/2015\/12\/22627830_1398820210234669_118217769_n.jpg'><img loading=\"lazy\" decoding=\"async\" width=\"150\" height=\"150\" src=\"https:\/\/cartografiadadancadoacre.com.br\/wp-content\/uploads\/2015\/12\/22627830_1398820210234669_118217769_n-150x150.jpg\" class=\"attachment-thumbnail size-thumbnail\" alt=\"\" \/><\/a>\n\t\t\t<\/dt><\/dl><dl class='gallery-item'>\n\t\t\t<dt class='gallery-icon landscape'>\n\t\t\t\t<a href='https:\/\/cartografiadadancadoacre.com.br\/wp-content\/uploads\/2015\/12\/ESPETACULO-DE-DANCA-CONTEMPORANEA-ORIGENS_NOIS-DA-CASA_2012-a-2014_FOTO-16.jpeg'><img loading=\"lazy\" decoding=\"async\" width=\"150\" height=\"150\" src=\"https:\/\/cartografiadadancadoacre.com.br\/wp-content\/uploads\/2015\/12\/ESPETACULO-DE-DANCA-CONTEMPORANEA-ORIGENS_NOIS-DA-CASA_2012-a-2014_FOTO-16-150x150.jpeg\" class=\"attachment-thumbnail size-thumbnail\" alt=\"\" \/><\/a>\n\t\t\t<\/dt><\/dl><br style=\"clear: both\" \/><dl class='gallery-item'>\n\t\t\t<dt class='gallery-icon landscape'>\n\t\t\t\t<a href='https:\/\/cartografiadadancadoacre.com.br\/wp-content\/uploads\/2015\/12\/ESPETACULO-DE-DANCA-CONTEMPORANEA-ORIGENS_NOIS-DA-CASA_2012-a-2014_FOTO-17.jpeg'><img loading=\"lazy\" decoding=\"async\" width=\"150\" height=\"150\" src=\"https:\/\/cartografiadadancadoacre.com.br\/wp-content\/uploads\/2015\/12\/ESPETACULO-DE-DANCA-CONTEMPORANEA-ORIGENS_NOIS-DA-CASA_2012-a-2014_FOTO-17-150x150.jpeg\" class=\"attachment-thumbnail size-thumbnail\" alt=\"\" \/><\/a>\n\t\t\t<\/dt><\/dl><dl class='gallery-item'>\n\t\t\t<dt class='gallery-icon landscape'>\n\t\t\t\t<a href='https:\/\/cartografiadadancadoacre.com.br\/wp-content\/uploads\/2015\/12\/ESPETACULO-DE-DANCA-CONTEMPORANEA-ORIGENS_NOIS-DA-CASA_2012-a-2014_FOTO-19.jpeg'><img loading=\"lazy\" decoding=\"async\" width=\"150\" height=\"150\" src=\"https:\/\/cartografiadadancadoacre.com.br\/wp-content\/uploads\/2015\/12\/ESPETACULO-DE-DANCA-CONTEMPORANEA-ORIGENS_NOIS-DA-CASA_2012-a-2014_FOTO-19-150x150.jpeg\" class=\"attachment-thumbnail size-thumbnail\" alt=\"\" \/><\/a>\n\t\t\t<\/dt><\/dl><dl class='gallery-item'>\n\t\t\t<dt class='gallery-icon landscape'>\n\t\t\t\t<a href='https:\/\/cartografiadadancadoacre.com.br\/wp-content\/uploads\/2015\/12\/ESPETACULO-DE-DANCA-CONTEMPORANEA-ORIGENS_NOIS-DA-CASA_2012-a-2014_FOTO-20.jpeg'><img loading=\"lazy\" decoding=\"async\" width=\"150\" height=\"150\" src=\"https:\/\/cartografiadadancadoacre.com.br\/wp-content\/uploads\/2015\/12\/ESPETACULO-DE-DANCA-CONTEMPORANEA-ORIGENS_NOIS-DA-CASA_2012-a-2014_FOTO-20-150x150.jpeg\" class=\"attachment-thumbnail size-thumbnail\" alt=\"\" \/><\/a>\n\t\t\t<\/dt><\/dl><dl class='gallery-item'>\n\t\t\t<dt class='gallery-icon landscape'>\n\t\t\t\t<a href='https:\/\/cartografiadadancadoacre.com.br\/wp-content\/uploads\/2015\/12\/ESPETACULO-DE-DANCA-CONTEMPORANEA-ORIGENS_NOIS-DA-CASA_2012-a-2014_FOTO-21.jpeg'><img loading=\"lazy\" decoding=\"async\" width=\"150\" height=\"150\" src=\"https:\/\/cartografiadadancadoacre.com.br\/wp-content\/uploads\/2015\/12\/ESPETACULO-DE-DANCA-CONTEMPORANEA-ORIGENS_NOIS-DA-CASA_2012-a-2014_FOTO-21-150x150.jpeg\" class=\"attachment-thumbnail size-thumbnail\" alt=\"\" \/><\/a>\n\t\t\t<\/dt><\/dl><br style=\"clear: both\" \/><dl class='gallery-item'>\n\t\t\t<dt class='gallery-icon landscape'>\n\t\t\t\t<a href='https:\/\/cartografiadadancadoacre.com.br\/wp-content\/uploads\/2015\/12\/ESPETACULO-DE-DANCA-CONTEMPORANEA-ORIGENS_NOIS-DA-CASA_2012-a-2014_FOTO-22.jpeg'><img loading=\"lazy\" decoding=\"async\" width=\"150\" height=\"150\" src=\"https:\/\/cartografiadadancadoacre.com.br\/wp-content\/uploads\/2015\/12\/ESPETACULO-DE-DANCA-CONTEMPORANEA-ORIGENS_NOIS-DA-CASA_2012-a-2014_FOTO-22-150x150.jpeg\" class=\"attachment-thumbnail size-thumbnail\" alt=\"\" \/><\/a>\n\t\t\t<\/dt><\/dl><dl class='gallery-item'>\n\t\t\t<dt class='gallery-icon landscape'>\n\t\t\t\t<a href='https:\/\/cartografiadadancadoacre.com.br\/wp-content\/uploads\/2015\/12\/ESPETACULO-DE-DANCA-CONTEMPORANEA-ORIGENS_NOIS-DA-CASA_2012-a-2014_FOTO-23.jpeg'><img loading=\"lazy\" decoding=\"async\" width=\"150\" height=\"150\" src=\"https:\/\/cartografiadadancadoacre.com.br\/wp-content\/uploads\/2015\/12\/ESPETACULO-DE-DANCA-CONTEMPORANEA-ORIGENS_NOIS-DA-CASA_2012-a-2014_FOTO-23-150x150.jpeg\" class=\"attachment-thumbnail size-thumbnail\" alt=\"\" \/><\/a>\n\t\t\t<\/dt><\/dl><dl class='gallery-item'>\n\t\t\t<dt class='gallery-icon landscape'>\n\t\t\t\t<a href='https:\/\/cartografiadadancadoacre.com.br\/wp-content\/uploads\/2015\/12\/ESPETACULO-DE-DANCA-CONTEMPORANEA-ORIGENS_NOIS-DA-CASA_2012-a-2014_FOTO-24.jpeg'><img loading=\"lazy\" decoding=\"async\" width=\"150\" height=\"150\" src=\"https:\/\/cartografiadadancadoacre.com.br\/wp-content\/uploads\/2015\/12\/ESPETACULO-DE-DANCA-CONTEMPORANEA-ORIGENS_NOIS-DA-CASA_2012-a-2014_FOTO-24-150x150.jpeg\" class=\"attachment-thumbnail size-thumbnail\" alt=\"\" \/><\/a>\n\t\t\t<\/dt><\/dl><dl class='gallery-item'>\n\t\t\t<dt class='gallery-icon landscape'>\n\t\t\t\t<a href='https:\/\/cartografiadadancadoacre.com.br\/wp-content\/uploads\/2015\/12\/ESPETACULO-DE-DANCA-CONTEMPORANEA-ORIGENS_NOIS-DA-CASA_2012-a-2014_FOTO-25.jpeg'><img loading=\"lazy\" decoding=\"async\" width=\"150\" height=\"150\" src=\"https:\/\/cartografiadadancadoacre.com.br\/wp-content\/uploads\/2015\/12\/ESPETACULO-DE-DANCA-CONTEMPORANEA-ORIGENS_NOIS-DA-CASA_2012-a-2014_FOTO-25-150x150.jpeg\" class=\"attachment-thumbnail size-thumbnail\" alt=\"\" \/><\/a>\n\t\t\t<\/dt><\/dl><br style=\"clear: both\" \/><dl class='gallery-item'>\n\t\t\t<dt class='gallery-icon landscape'>\n\t\t\t\t<a href='https:\/\/cartografiadadancadoacre.com.br\/wp-content\/uploads\/2015\/12\/espetaculo-origens_nois-da-casa_2012_Fotos-89.jpg'><img loading=\"lazy\" decoding=\"async\" width=\"150\" height=\"150\" src=\"https:\/\/cartografiadadancadoacre.com.br\/wp-content\/uploads\/2015\/12\/espetaculo-origens_nois-da-casa_2012_Fotos-89-150x150.jpg\" class=\"attachment-thumbnail size-thumbnail\" alt=\"\" \/><\/a>\n\t\t\t<\/dt><\/dl><dl class='gallery-item'>\n\t\t\t<dt class='gallery-icon landscape'>\n\t\t\t\t<a href='https:\/\/cartografiadadancadoacre.com.br\/wp-content\/uploads\/2015\/12\/ESPETACULO-DE-DANCA-CONTEMPORANEA-ORIGENS_NOIS-DA-CASA_2012-a-2014_FOTO-26.jpeg'><img loading=\"lazy\" decoding=\"async\" width=\"150\" height=\"150\" src=\"https:\/\/cartografiadadancadoacre.com.br\/wp-content\/uploads\/2015\/12\/ESPETACULO-DE-DANCA-CONTEMPORANEA-ORIGENS_NOIS-DA-CASA_2012-a-2014_FOTO-26-150x150.jpeg\" class=\"attachment-thumbnail size-thumbnail\" alt=\"\" \/><\/a>\n\t\t\t<\/dt><\/dl><dl class='gallery-item'>\n\t\t\t<dt class='gallery-icon landscape'>\n\t\t\t\t<a href='https:\/\/cartografiadadancadoacre.com.br\/wp-content\/uploads\/2015\/12\/ESPETACULO-DE-DANCA-CONTEMPORANEA-ORIGENS_NOIS-DA-CASA_2012-a-2014_FOTO-27.jpeg'><img loading=\"lazy\" decoding=\"async\" width=\"150\" height=\"150\" src=\"https:\/\/cartografiadadancadoacre.com.br\/wp-content\/uploads\/2015\/12\/ESPETACULO-DE-DANCA-CONTEMPORANEA-ORIGENS_NOIS-DA-CASA_2012-a-2014_FOTO-27-150x150.jpeg\" class=\"attachment-thumbnail size-thumbnail\" alt=\"\" \/><\/a>\n\t\t\t<\/dt><\/dl><dl class='gallery-item'>\n\t\t\t<dt class='gallery-icon landscape'>\n\t\t\t\t<a href='https:\/\/cartografiadadancadoacre.com.br\/wp-content\/uploads\/2015\/12\/espetaculo-origens_nois-da-casa_2012_Fotos-1.jpg'><img loading=\"lazy\" decoding=\"async\" width=\"150\" height=\"150\" src=\"https:\/\/cartografiadadancadoacre.com.br\/wp-content\/uploads\/2015\/12\/espetaculo-origens_nois-da-casa_2012_Fotos-1-150x150.jpg\" class=\"attachment-thumbnail size-thumbnail\" alt=\"\" \/><\/a>\n\t\t\t<\/dt><\/dl><br style=\"clear: both\" \/><dl class='gallery-item'>\n\t\t\t<dt class='gallery-icon portrait'>\n\t\t\t\t<a href='https:\/\/cartografiadadancadoacre.com.br\/wp-content\/uploads\/2015\/12\/espetaculo-origens_nois-da-casa_2012_Fotos-3.jpg'><img loading=\"lazy\" decoding=\"async\" width=\"150\" height=\"150\" src=\"https:\/\/cartografiadadancadoacre.com.br\/wp-content\/uploads\/2015\/12\/espetaculo-origens_nois-da-casa_2012_Fotos-3-150x150.jpg\" class=\"attachment-thumbnail size-thumbnail\" alt=\"\" \/><\/a>\n\t\t\t<\/dt><\/dl><dl class='gallery-item'>\n\t\t\t<dt class='gallery-icon landscape'>\n\t\t\t\t<a href='https:\/\/cartografiadadancadoacre.com.br\/wp-content\/uploads\/2015\/12\/espetaculo-origens_nois-da-casa_2012_Fotos-6.jpg'><img loading=\"lazy\" decoding=\"async\" width=\"150\" height=\"150\" src=\"https:\/\/cartografiadadancadoacre.com.br\/wp-content\/uploads\/2015\/12\/espetaculo-origens_nois-da-casa_2012_Fotos-6-150x150.jpg\" class=\"attachment-thumbnail size-thumbnail\" alt=\"\" \/><\/a>\n\t\t\t<\/dt><\/dl><dl class='gallery-item'>\n\t\t\t<dt class='gallery-icon landscape'>\n\t\t\t\t<a href='https:\/\/cartografiadadancadoacre.com.br\/wp-content\/uploads\/2015\/12\/espetaculo-origens_nois-da-casa_2012_Fotos-29.jpg'><img loading=\"lazy\" decoding=\"async\" width=\"150\" height=\"150\" src=\"https:\/\/cartografiadadancadoacre.com.br\/wp-content\/uploads\/2015\/12\/espetaculo-origens_nois-da-casa_2012_Fotos-29-150x150.jpg\" class=\"attachment-thumbnail size-thumbnail\" alt=\"\" \/><\/a>\n\t\t\t<\/dt><\/dl><dl class='gallery-item'>\n\t\t\t<dt class='gallery-icon portrait'>\n\t\t\t\t<a href='https:\/\/cartografiadadancadoacre.com.br\/wp-content\/uploads\/2015\/12\/espetaculo-origens_nois-da-casa_2012_Fotos-9.jpg'><img loading=\"lazy\" decoding=\"async\" width=\"150\" height=\"150\" src=\"https:\/\/cartografiadadancadoacre.com.br\/wp-content\/uploads\/2015\/12\/espetaculo-origens_nois-da-casa_2012_Fotos-9-150x150.jpg\" class=\"attachment-thumbnail size-thumbnail\" alt=\"\" \/><\/a>\n\t\t\t<\/dt><\/dl><br style=\"clear: both\" \/><dl class='gallery-item'>\n\t\t\t<dt class='gallery-icon portrait'>\n\t\t\t\t<a href='https:\/\/cartografiadadancadoacre.com.br\/wp-content\/uploads\/2015\/12\/espetaculo-origens_nois-da-casa_2012_Fotos-38.jpg'><img loading=\"lazy\" decoding=\"async\" width=\"150\" height=\"150\" src=\"https:\/\/cartografiadadancadoacre.com.br\/wp-content\/uploads\/2015\/12\/espetaculo-origens_nois-da-casa_2012_Fotos-38-150x150.jpg\" class=\"attachment-thumbnail size-thumbnail\" alt=\"\" \/><\/a>\n\t\t\t<\/dt><\/dl><dl class='gallery-item'>\n\t\t\t<dt class='gallery-icon landscape'>\n\t\t\t\t<a href='https:\/\/cartografiadadancadoacre.com.br\/wp-content\/uploads\/2015\/12\/espetaculo-origens_nois-da-casa_2012_Fotos-60.jpg'><img loading=\"lazy\" decoding=\"async\" width=\"150\" height=\"150\" src=\"https:\/\/cartografiadadancadoacre.com.br\/wp-content\/uploads\/2015\/12\/espetaculo-origens_nois-da-casa_2012_Fotos-60-150x150.jpg\" class=\"attachment-thumbnail size-thumbnail\" alt=\"\" \/><\/a>\n\t\t\t<\/dt><\/dl><dl class='gallery-item'>\n\t\t\t<dt class='gallery-icon landscape'>\n\t\t\t\t<a href='https:\/\/cartografiadadancadoacre.com.br\/wp-content\/uploads\/2015\/12\/espetaculo-origens_nois-da-casa_2012_Fotos-67.jpg'><img loading=\"lazy\" decoding=\"async\" width=\"150\" height=\"150\" src=\"https:\/\/cartografiadadancadoacre.com.br\/wp-content\/uploads\/2015\/12\/espetaculo-origens_nois-da-casa_2012_Fotos-67-150x150.jpg\" class=\"attachment-thumbnail size-thumbnail\" alt=\"\" \/><\/a>\n\t\t\t<\/dt><\/dl><dl class='gallery-item'>\n\t\t\t<dt class='gallery-icon landscape'>\n\t\t\t\t<a href='https:\/\/cartografiadadancadoacre.com.br\/wp-content\/uploads\/2015\/12\/espetaculo-origens_nois-da-casa_2012_Fotos-68.jpg'><img loading=\"lazy\" decoding=\"async\" width=\"150\" height=\"150\" src=\"https:\/\/cartografiadadancadoacre.com.br\/wp-content\/uploads\/2015\/12\/espetaculo-origens_nois-da-casa_2012_Fotos-68-150x150.jpg\" class=\"attachment-thumbnail size-thumbnail\" alt=\"\" \/><\/a>\n\t\t\t<\/dt><\/dl><br style=\"clear: both\" \/><dl class='gallery-item'>\n\t\t\t<dt class='gallery-icon landscape'>\n\t\t\t\t<a href='https:\/\/cartografiadadancadoacre.com.br\/wp-content\/uploads\/2015\/12\/espetaculo-origens_nois-da-casa_2012_Fotos-94.jpg'><img loading=\"lazy\" decoding=\"async\" width=\"150\" height=\"150\" src=\"https:\/\/cartografiadadancadoacre.com.br\/wp-content\/uploads\/2015\/12\/espetaculo-origens_nois-da-casa_2012_Fotos-94-150x150.jpg\" class=\"attachment-thumbnail size-thumbnail\" alt=\"\" \/><\/a>\n\t\t\t<\/dt><\/dl>\n\t\t\t<br style='clear: both' \/>\n\t\t<\/div>\n\n<p style=\"text-align: center;\">Fotografia: Allen Ferraz; Marcos Dhemuthy<\/p>\n<p>&nbsp;<\/p>\n<h1>V\u00cdDEOS<\/h1>\n<p><iframe loading=\"lazy\" title=\"Origens - Uma Homenagem a H&amp;eacute;lio Melo_N&amp;oacute;is da Casa_2012\" src=\"https:\/\/player.vimeo.com\/video\/234374328?dnt=1&amp;app_id=122963\" width=\"640\" height=\"360\" frameborder=\"0\" allow=\"autoplay; fullscreen\" allowfullscreen><\/iframe><\/p>\n<p>&nbsp;<\/p>\n<p>&nbsp;<\/p>\n<p>VIDEO INSTITUCIONAL ASCOM\/UFAC:<\/p>\n<p><iframe loading=\"lazy\" title=\"ESPET&amp;Aacute;CULO &amp;quot;ORIGENS&amp;quot; HOMENAGEIA H&amp;Eacute;LIO MELO\" src=\"https:\/\/player.vimeo.com\/video\/149911865?dnt=1&amp;app_id=122963\" width=\"1080\" height=\"608\" frameborder=\"0\" allow=\"autoplay; fullscreen\" allowfullscreen><\/iframe><\/p>\n<h1>PE\u00c7AS GR\u00c1FICAS<\/h1>\n<p><a href=\"http:\/\/cartografiadadancadoacre.com.br\/wp-content\/uploads\/2015\/12\/noisdacasa_origens_2012_cartaz.jpg\" rel=\"attachment wp-att-539\"><img loading=\"lazy\" decoding=\"async\" class=\"alignnone wp-image-539 size-medium\" src=\"http:\/\/cartografiadadancadoacre.com.br\/wp-content\/uploads\/2015\/12\/noisdacasa_origens_2012_cartaz-211x300.jpg\" alt=\"noisdacasa_origens_2012_cartaz\" width=\"211\" height=\"300\" srcset=\"https:\/\/cartografiadadancadoacre.com.br\/wp-content\/uploads\/2015\/12\/noisdacasa_origens_2012_cartaz-211x300.jpg 211w, https:\/\/cartografiadadancadoacre.com.br\/wp-content\/uploads\/2015\/12\/noisdacasa_origens_2012_cartaz-768x1090.jpg 768w, https:\/\/cartografiadadancadoacre.com.br\/wp-content\/uploads\/2015\/12\/noisdacasa_origens_2012_cartaz-721x1024.jpg 721w, https:\/\/cartografiadadancadoacre.com.br\/wp-content\/uploads\/2015\/12\/noisdacasa_origens_2012_cartaz-1080x1533.jpg 1080w, https:\/\/cartografiadadancadoacre.com.br\/wp-content\/uploads\/2015\/12\/noisdacasa_origens_2012_cartaz.jpg 1831w\" sizes=\"(max-width: 211px) 100vw, 211px\" \/><\/a><\/p>\n<p><a href=\"http:\/\/cartografiadadancadoacre.com.br\/wp-content\/uploads\/2015\/12\/noisdacasa_origens_2012_folder.jpg\" rel=\"attachment wp-att-544\"><img loading=\"lazy\" decoding=\"async\" class=\"alignnone wp-image-544 size-large\" src=\"http:\/\/cartografiadadancadoacre.com.br\/wp-content\/uploads\/2015\/12\/noisdacasa_origens_2012_folder-758x1024.jpg\" alt=\"noisdacasa_origens_2012_folder\" width=\"758\" height=\"1024\" srcset=\"https:\/\/cartografiadadancadoacre.com.br\/wp-content\/uploads\/2015\/12\/noisdacasa_origens_2012_folder-758x1024.jpg 758w, https:\/\/cartografiadadancadoacre.com.br\/wp-content\/uploads\/2015\/12\/noisdacasa_origens_2012_folder-222x300.jpg 222w, https:\/\/cartografiadadancadoacre.com.br\/wp-content\/uploads\/2015\/12\/noisdacasa_origens_2012_folder-768x1037.jpg 768w, https:\/\/cartografiadadancadoacre.com.br\/wp-content\/uploads\/2015\/12\/noisdacasa_origens_2012_folder-1080x1459.jpg 1080w, https:\/\/cartografiadadancadoacre.com.br\/wp-content\/uploads\/2015\/12\/noisdacasa_origens_2012_folder.jpg 1417w\" sizes=\"(max-width: 758px) 100vw, 758px\" \/><\/a><\/p>\n<h1>LINKS<\/h1>\n<p>Em constru\u00e7\u00e3o.<\/p>\n<h1>MATERIAL NA IMPRENSA<\/h1>\n<p>REPORTAGEM NO PROGRAMA GERA\u00c7\u00c3O GAZETA:<\/p>\n<p><iframe loading=\"lazy\" title=\"N&amp;Oacute;IS DA CASA_GERA&amp;Ccedil;&amp;Atilde;O GAZETA_ESPET&amp;Aacute;CULO ORIGENS\" src=\"https:\/\/player.vimeo.com\/video\/150016170?dnt=1&amp;app_id=122963\" width=\"1080\" height=\"608\" frameborder=\"0\" allow=\"autoplay; fullscreen\" allowfullscreen><\/iframe><\/p>\n<p>GAZETA ENTREVISTA:<\/p>\n<p><iframe loading=\"lazy\" title=\"ESPET&amp;Aacute;CULO ORIGENS_N&amp;Oacute;IS DA CASA_GAZETA ENTREVISTA\" src=\"https:\/\/player.vimeo.com\/video\/149974073?dnt=1&amp;app_id=122963\" width=\"540\" height=\"360\" frameborder=\"0\" allow=\"autoplay; fullscreen\" allowfullscreen><\/iframe><\/p>\n","protected":false},"excerpt":{"rendered":"<p>Grupo de Extens\u00e3o e Pesquisa em Artes C\u00eanicas N\u00f3is da Casa SINOPSE Tendo como fonte inspiradora para a montagem do espet\u00e1culo as obras do artista acriano Helio Melo (1926-2001) o grupo busca nesse trabalho uma rela\u00e7\u00e3o pulsante entre o modo de vida do homem da floresta e a dramaturgia na Dan\u00e7a, construindo pinturas moventes em [&hellip;]<\/p>\n","protected":false},"author":1,"featured_media":0,"comment_status":"open","ping_status":"open","sticky":false,"template":"","format":"standard","meta":{"_et_pb_use_builder":"","_et_pb_old_content":"","_et_gb_content_width":"","footnotes":""},"categories":[2],"tags":[],"class_list":["post-312","post","type-post","status-publish","format-standard","hentry","category-espetaculos"],"_links":{"self":[{"href":"https:\/\/cartografiadadancadoacre.com.br\/index.php?rest_route=\/wp\/v2\/posts\/312","targetHints":{"allow":["GET"]}}],"collection":[{"href":"https:\/\/cartografiadadancadoacre.com.br\/index.php?rest_route=\/wp\/v2\/posts"}],"about":[{"href":"https:\/\/cartografiadadancadoacre.com.br\/index.php?rest_route=\/wp\/v2\/types\/post"}],"author":[{"embeddable":true,"href":"https:\/\/cartografiadadancadoacre.com.br\/index.php?rest_route=\/wp\/v2\/users\/1"}],"replies":[{"embeddable":true,"href":"https:\/\/cartografiadadancadoacre.com.br\/index.php?rest_route=%2Fwp%2Fv2%2Fcomments&post=312"}],"version-history":[{"count":6,"href":"https:\/\/cartografiadadancadoacre.com.br\/index.php?rest_route=\/wp\/v2\/posts\/312\/revisions"}],"predecessor-version":[{"id":5023,"href":"https:\/\/cartografiadadancadoacre.com.br\/index.php?rest_route=\/wp\/v2\/posts\/312\/revisions\/5023"}],"wp:attachment":[{"href":"https:\/\/cartografiadadancadoacre.com.br\/index.php?rest_route=%2Fwp%2Fv2%2Fmedia&parent=312"}],"wp:term":[{"taxonomy":"category","embeddable":true,"href":"https:\/\/cartografiadadancadoacre.com.br\/index.php?rest_route=%2Fwp%2Fv2%2Fcategories&post=312"},{"taxonomy":"post_tag","embeddable":true,"href":"https:\/\/cartografiadadancadoacre.com.br\/index.php?rest_route=%2Fwp%2Fv2%2Ftags&post=312"}],"curies":[{"name":"wp","href":"https:\/\/api.w.org\/{rel}","templated":true}]}}