{"id":3016,"date":"2017-10-13T21:24:13","date_gmt":"2017-10-13T21:24:13","guid":{"rendered":"http:\/\/cartografiadadancadoacre.com.br\/?p=3016"},"modified":"2020-09-12T19:47:56","modified_gmt":"2020-09-12T19:47:56","slug":"klinger-cesar","status":"publish","type":"post","link":"https:\/\/cartografiadadancadoacre.com.br\/?p=3016","title":{"rendered":"Companhia de Dan\u00e7a \u00caxtase (Rio Branco)"},"content":{"rendered":"<h1>SOBRE<\/h1>\n<p>A Companhia de dan\u00e7a \u00caxtase foi fundada em 09 de mar\u00e7o de 1991 em Rio Branco &#8211; AC, pelo professor e core\u00f3grafo Klinger Cesar que atua nas \u00e1reas de jazz, dan\u00e7a moderna e dan\u00e7a contempor\u00e2nea. A companhia foi uma das primeiras a surgir em Rio Branco e inicialmente foi\u00a0formada por 42 participantes com faixa et\u00e1ria entre 13 a 18 anos. Realizou diversas mostras de dan\u00e7as, festivais e espet\u00e1culos, fez duas participa\u00e7\u00f5es no festival de dan\u00e7a em Joinville com apresenta\u00e7\u00f5es em palcos alternativos, nos anos de 1997 e 1998. Atualmente a companhia desenvolve pequenos trabalhos ou apresenta\u00e7\u00f5es com um n\u00famero bem reduzido de participantes, e tem trabalhado no desenvolvimento corporal de novos integrantes para retornarem suas atividades no ano de 2018.<\/p>\n<p>FONTE: Texto fornecido por Klinger Cesar (Companhia de Dan\u00e7a \u00caxtase)<\/p>\n<h1>ESPET\u00c1CULOS<\/h1>\n<p><a href=\"http:\/\/cartografiadadancadoacre.com.br\/?p=3252\">Dom (2004)<\/a><\/p>\n","protected":false},"excerpt":{"rendered":"<p>SOBRE A Companhia de dan\u00e7a \u00caxtase foi fundada em 09 de mar\u00e7o de 1991 em Rio Branco &#8211; AC, pelo professor e core\u00f3grafo Klinger Cesar que atua nas \u00e1reas de jazz, dan\u00e7a moderna e dan\u00e7a contempor\u00e2nea. A companhia foi uma das primeiras a surgir em Rio Branco e inicialmente foi\u00a0formada por 42 participantes com faixa [&hellip;]<\/p>\n","protected":false},"author":1,"featured_media":0,"comment_status":"open","ping_status":"open","sticky":false,"template":"","format":"standard","meta":{"_et_pb_use_builder":"","_et_pb_old_content":"","_et_gb_content_width":"","footnotes":""},"categories":[5],"tags":[],"class_list":["post-3016","post","type-post","status-publish","format-standard","hentry","category-grupos"],"_links":{"self":[{"href":"https:\/\/cartografiadadancadoacre.com.br\/index.php?rest_route=\/wp\/v2\/posts\/3016","targetHints":{"allow":["GET"]}}],"collection":[{"href":"https:\/\/cartografiadadancadoacre.com.br\/index.php?rest_route=\/wp\/v2\/posts"}],"about":[{"href":"https:\/\/cartografiadadancadoacre.com.br\/index.php?rest_route=\/wp\/v2\/types\/post"}],"author":[{"embeddable":true,"href":"https:\/\/cartografiadadancadoacre.com.br\/index.php?rest_route=\/wp\/v2\/users\/1"}],"replies":[{"embeddable":true,"href":"https:\/\/cartografiadadancadoacre.com.br\/index.php?rest_route=%2Fwp%2Fv2%2Fcomments&post=3016"}],"version-history":[{"count":2,"href":"https:\/\/cartografiadadancadoacre.com.br\/index.php?rest_route=\/wp\/v2\/posts\/3016\/revisions"}],"predecessor-version":[{"id":4924,"href":"https:\/\/cartografiadadancadoacre.com.br\/index.php?rest_route=\/wp\/v2\/posts\/3016\/revisions\/4924"}],"wp:attachment":[{"href":"https:\/\/cartografiadadancadoacre.com.br\/index.php?rest_route=%2Fwp%2Fv2%2Fmedia&parent=3016"}],"wp:term":[{"taxonomy":"category","embeddable":true,"href":"https:\/\/cartografiadadancadoacre.com.br\/index.php?rest_route=%2Fwp%2Fv2%2Fcategories&post=3016"},{"taxonomy":"post_tag","embeddable":true,"href":"https:\/\/cartografiadadancadoacre.com.br\/index.php?rest_route=%2Fwp%2Fv2%2Ftags&post=3016"}],"curies":[{"name":"wp","href":"https:\/\/api.w.org\/{rel}","templated":true}]}}