{"id":198,"date":"2015-11-21T20:27:40","date_gmt":"2015-11-21T20:27:40","guid":{"rendered":"http:\/\/cartografiadadancadoacre.com.br\/?p=198"},"modified":"2023-11-16T21:52:08","modified_gmt":"2023-11-16T21:52:08","slug":"grupo-universitario-de-artes-cenicas-nois-da-casa","status":"publish","type":"post","link":"https:\/\/cartografiadadancadoacre.com.br\/?p=198","title":{"rendered":"Grupo em Artes C\u00eanicas N\u00f3is da Casa (Rio Branco)"},"content":{"rendered":"<h1>SOBRE<\/h1>\n<div id=\"m_7022680646697372594yui_3_16_0_ym19_1_1501685077751_109255\"><span id=\"m_7022680646697372594yui_3_16_0_ym19_1_1501685077751_109497\">Grupo de Extens\u00e3o e Pesquisa em Artes C\u00eanicas N\u00f3is da Casa \u00e9 um espa\u00e7o de forma\u00e7\u00e3o experimental c\u00eanica, de origem e experi\u00eancias diferenciadas, por\u00e9m, aglutinadas ao redor da ideia de experimenta\u00e7\u00e3o em Teatro e Dan\u00e7a Contempor\u00e2nea, e com base no anseio por um trabalho autoral e, sobretudo, coletivo \u2013 no qual o diretor \u00e9 na verdade, um \u201cestimulador\u201d do di\u00e1logo e das potencialidades.\u00a0 <\/span><span id=\"m_7022680646697372594yui_3_16_0_ym19_1_1501685077751_109280\">Tal processo de instrumentaliza\u00e7\u00e3o proporciona a imbrica\u00e7\u00e3o de outras linguagens como a m\u00fasica e outras linhas de estudo da arte da cena como cenografia, ilumina\u00e7\u00e3o, figurino, composi\u00e7\u00e3o do int\u00e9rprete-ator-bailarino e a encena\u00e7\u00e3o, vendo indistintamente a import\u00e2ncia do trabalho corporal e agregando a composi\u00e7\u00e3o de cenas e dramaturgia aos seus processos criativos.\u00a0<\/span>O Grupo\u00a0desenvolve desde 2009 um trabalho de pesquisa, cria\u00e7\u00e3o, forma\u00e7\u00e3o continuada e difus\u00e3o das Artes C\u00eanica e, \u00e9 coordenado pela professora da Universidade Federal do Acre Valeska Alvim.<\/div>\n<p>&nbsp;<\/p>\n<p>FONTE: Texto fornecido por Valeska Alvim (Grupo de Extens\u00e3o e Pesquisa em Artes C\u00eanicas N\u00f3is da Casa)<\/p>\n<p>Facebook:\u00a0<a href=\"https:\/\/www.facebook.com\/cianoisdacasa\/\" target=\"_blank\" rel=\"noopener noreferrer\">https:\/\/www.facebook.com\/cianoisdacasa\/<\/a><\/p>\n<p>Instagram: @noisdacasa<\/p>\n<h1>ESPET\u00c1CULOS<\/h1>\n<p><a href=\"https:\/\/cartografiadadancadoacre.com.br\/?p=5429\">Fale Agora ou Cale-se para Sempre (2023)<\/a><\/p>\n<p><a href=\"http:\/\/cartografiadadancadoacre.com.br\/?p=312\">Origens &#8211; Uma homenagem a H\u00e9lio Melo (2012)<\/a><\/p>\n","protected":false},"excerpt":{"rendered":"<p>SOBRE Grupo de Extens\u00e3o e Pesquisa em Artes C\u00eanicas N\u00f3is da Casa \u00e9 um espa\u00e7o de forma\u00e7\u00e3o experimental c\u00eanica, de origem e experi\u00eancias diferenciadas, por\u00e9m, aglutinadas ao redor da ideia de experimenta\u00e7\u00e3o em Teatro e Dan\u00e7a Contempor\u00e2nea, e com base no anseio por um trabalho autoral e, sobretudo, coletivo \u2013 no qual o diretor \u00e9 [&hellip;]<\/p>\n","protected":false},"author":1,"featured_media":0,"comment_status":"open","ping_status":"open","sticky":false,"template":"","format":"standard","meta":{"_et_pb_use_builder":"","_et_pb_old_content":"","_et_gb_content_width":"","footnotes":""},"categories":[5],"tags":[],"class_list":["post-198","post","type-post","status-publish","format-standard","hentry","category-grupos"],"_links":{"self":[{"href":"https:\/\/cartografiadadancadoacre.com.br\/index.php?rest_route=\/wp\/v2\/posts\/198","targetHints":{"allow":["GET"]}}],"collection":[{"href":"https:\/\/cartografiadadancadoacre.com.br\/index.php?rest_route=\/wp\/v2\/posts"}],"about":[{"href":"https:\/\/cartografiadadancadoacre.com.br\/index.php?rest_route=\/wp\/v2\/types\/post"}],"author":[{"embeddable":true,"href":"https:\/\/cartografiadadancadoacre.com.br\/index.php?rest_route=\/wp\/v2\/users\/1"}],"replies":[{"embeddable":true,"href":"https:\/\/cartografiadadancadoacre.com.br\/index.php?rest_route=%2Fwp%2Fv2%2Fcomments&post=198"}],"version-history":[{"count":4,"href":"https:\/\/cartografiadadancadoacre.com.br\/index.php?rest_route=\/wp\/v2\/posts\/198\/revisions"}],"predecessor-version":[{"id":5448,"href":"https:\/\/cartografiadadancadoacre.com.br\/index.php?rest_route=\/wp\/v2\/posts\/198\/revisions\/5448"}],"wp:attachment":[{"href":"https:\/\/cartografiadadancadoacre.com.br\/index.php?rest_route=%2Fwp%2Fv2%2Fmedia&parent=198"}],"wp:term":[{"taxonomy":"category","embeddable":true,"href":"https:\/\/cartografiadadancadoacre.com.br\/index.php?rest_route=%2Fwp%2Fv2%2Fcategories&post=198"},{"taxonomy":"post_tag","embeddable":true,"href":"https:\/\/cartografiadadancadoacre.com.br\/index.php?rest_route=%2Fwp%2Fv2%2Ftags&post=198"}],"curies":[{"name":"wp","href":"https:\/\/api.w.org\/{rel}","templated":true}]}}