{"id":194,"date":"2015-11-21T20:07:30","date_gmt":"2015-11-21T20:07:30","guid":{"rendered":"http:\/\/cartografiadadancadoacre.com.br\/?p=194"},"modified":"2020-09-12T20:01:06","modified_gmt":"2020-09-12T20:01:06","slug":"jhon-gomes-e-o-grupo-aguardeiro","status":"publish","type":"post","link":"https:\/\/cartografiadadancadoacre.com.br\/?p=194","title":{"rendered":"Jhon Gomes e o Grupo Aguadeiro (Rio Branco)"},"content":{"rendered":"<h1>SOBRE<\/h1>\n<p>O Grupo Aguadeiro surgiu em 2013, formado inicialmente somente por musicistas, e foi, aos poucos, incorporando em seu processo de pesquisa e cria\u00e7\u00e3o novas express\u00f5es art\u00edsticas como: performance, teatro, dan\u00e7a, fotografia e literatura, que transformaram seus shows tem\u00e1ticos em espet\u00e1culos, apresentados em diferentes lugares p\u00fablicos da cidade de Rio Branco. A diversidade de perspectivas, a multiplicidade de olhares e discursos \u00e9 uma busca constante, expressa tanto no conte\u00fado das obras, na intera\u00e7\u00e3o com o p\u00fablico e na pr\u00f3pria cria\u00e7\u00e3o, sempre coletiva. Ao longo destes dois anos de exist\u00eancia, realizou diversas apresenta\u00e7\u00f5es, levando a p\u00fablico o Show\/espet\u00e1culo Imigrantes, Emigrantes e Viajantes e o espet\u00e1culo Indocumentados, em eventos culturais, produ\u00e7\u00f5es independentes e editais, dentre os quais destacamos: Festival Pachamama Cinema de Fronteiras (2013), Edital Gameleira Cultural (Novembro &#8211; 2013); Edital Cultura e Comunidade Grupos e Pessoas 2013 \u2013 Funda\u00e7\u00e3o Elias Mansour\/FEM (executado em 2014); Poste Show Convida \u2013 Alojamento dos imigrantes haitianos, senegaleses e dominicanos (2014), Edital IV Aldeia Cai\u00e7uma das Artes (2014); Projeto Art\u00edstico-Cultural Usina de Arte e Teatro Pl\u00e1cido de Castro \/ Funda\u00e7\u00e3o Elias Mansour \u2013 FEM (2014);Festival Festa da Cai\u00e7uma Quente \u2013 Hunikuin (2015), Dia Internacional do Refugiado (2015); Edital do Fundo Municipal de Cultura \/ Funda\u00e7\u00e3o Garibaldi Brasil \u2013 FGB 2014 (executado em 2015).<\/p>\n<p>FONTE: Texto fornecido por Grupo Aguadeiro<\/p>\n<p>Facebook:\u00a0<a href=\"https:\/\/www.facebook.com\/aguadeirooficial\/\" target=\"_blank\" rel=\"noopener noreferrer\">https:\/\/www.facebook.com\/aguadeirooficial\/<\/a><\/p>\n<p>Soundcloud:\u00a0<a href=\"https:\/\/soundcloud.com\/aguadeiro\" target=\"_blank\" rel=\"noopener noreferrer\">https:\/\/soundcloud.com\/aguadeiro<\/a><\/p>\n<h1>ESPET\u00c1CULOS<\/h1>\n<p><a href=\"http:\/\/cartografiadadancadoacre.com.br\/?p=3781\">Dan\u00e7aPoema (2017)<\/a><\/p>\n<p><a href=\"http:\/\/cartografiadadancadoacre.com.br\/?p=358\">Sobre Outras Janelas e Portas (2015)<\/a><\/p>\n","protected":false},"excerpt":{"rendered":"<p>SOBRE O Grupo Aguadeiro surgiu em 2013, formado inicialmente somente por musicistas, e foi, aos poucos, incorporando em seu processo de pesquisa e cria\u00e7\u00e3o novas express\u00f5es art\u00edsticas como: performance, teatro, dan\u00e7a, fotografia e literatura, que transformaram seus shows tem\u00e1ticos em espet\u00e1culos, apresentados em diferentes lugares p\u00fablicos da cidade de Rio Branco. A diversidade de perspectivas, [&hellip;]<\/p>\n","protected":false},"author":1,"featured_media":0,"comment_status":"open","ping_status":"open","sticky":false,"template":"","format":"standard","meta":{"_et_pb_use_builder":"","_et_pb_old_content":"","_et_gb_content_width":"","footnotes":""},"categories":[5],"tags":[],"class_list":["post-194","post","type-post","status-publish","format-standard","hentry","category-grupos"],"_links":{"self":[{"href":"https:\/\/cartografiadadancadoacre.com.br\/index.php?rest_route=\/wp\/v2\/posts\/194","targetHints":{"allow":["GET"]}}],"collection":[{"href":"https:\/\/cartografiadadancadoacre.com.br\/index.php?rest_route=\/wp\/v2\/posts"}],"about":[{"href":"https:\/\/cartografiadadancadoacre.com.br\/index.php?rest_route=\/wp\/v2\/types\/post"}],"author":[{"embeddable":true,"href":"https:\/\/cartografiadadancadoacre.com.br\/index.php?rest_route=\/wp\/v2\/users\/1"}],"replies":[{"embeddable":true,"href":"https:\/\/cartografiadadancadoacre.com.br\/index.php?rest_route=%2Fwp%2Fv2%2Fcomments&post=194"}],"version-history":[{"count":1,"href":"https:\/\/cartografiadadancadoacre.com.br\/index.php?rest_route=\/wp\/v2\/posts\/194\/revisions"}],"predecessor-version":[{"id":4936,"href":"https:\/\/cartografiadadancadoacre.com.br\/index.php?rest_route=\/wp\/v2\/posts\/194\/revisions\/4936"}],"wp:attachment":[{"href":"https:\/\/cartografiadadancadoacre.com.br\/index.php?rest_route=%2Fwp%2Fv2%2Fmedia&parent=194"}],"wp:term":[{"taxonomy":"category","embeddable":true,"href":"https:\/\/cartografiadadancadoacre.com.br\/index.php?rest_route=%2Fwp%2Fv2%2Fcategories&post=194"},{"taxonomy":"post_tag","embeddable":true,"href":"https:\/\/cartografiadadancadoacre.com.br\/index.php?rest_route=%2Fwp%2Fv2%2Ftags&post=194"}],"curies":[{"name":"wp","href":"https:\/\/api.w.org\/{rel}","templated":true}]}}