{"id":1895,"date":"2016-11-10T20:22:18","date_gmt":"2016-11-10T20:22:18","guid":{"rendered":"http:\/\/cartografiadadancadoacre.com.br\/?p=1895"},"modified":"2019-05-28T23:49:04","modified_gmt":"2019-05-28T23:49:04","slug":"daniel-na-cova-dos-leoes-2016","status":"publish","type":"post","link":"https:\/\/cartografiadadancadoacre.com.br\/?p=1895","title":{"rendered":"Daniel na cova dos Le\u00f5es (2016)"},"content":{"rendered":"<p><a href=\"http:\/\/cartografiadadancadoacre.com.br\/?p=185\">Escola de Dan\u00e7a Adorai<\/a><\/p>\n<hr \/>\n<h1>SINOPSE<\/h1>\n<p>A hist\u00f3ria de um homem que foi fiel a Deus da juventude a velhice, ele se destacou entre pessoas influentes e se tornou um dos homens mais poderosos na Medo-P\u00e9rsia. Homens invejosos procuraram meios para destruir Daniel. Perceberam que o \u00fanico ponto verane\u00e1vel era sua f\u00e9, e acharam uma maneira de usar a sua f\u00e9 para derruba-lo. Convenceram o rei a proibir que peti\u00e7\u00f5es fossem feitas a qualquer homem ou deus, a n\u00e3o ser o pr\u00f3prio rei. Os inimigos de Daniel aproveitaram o momento e obrigaram o rei a aplicar a lei. Daniel foi lan\u00e7ado numa cova cheia de le\u00f5es famintos. Deus salvou este homem de f\u00e9, e o rei mandou matar os inimigos que tentaram derruba-lo.<\/p>\n<p>FONTE: Texto fornecido por L\u00edvia Teodoro e Angeani Macedo (Escola de Dan\u00e7a Adorai)<\/p>\n<h1>FICHA T\u00c9CNICA<\/h1>\n<p>Bailarinos: Alunos da escola<br \/>\nCoordena\u00e7\u00e3o Geral: Angeani Macedo e L\u00edvia Teodoro<br \/>\nProfessoras: L\u00edvia Teodoro e Angeani Macedo<br \/>\nInstrutora: Bruna Lopes, Danielly Teixeira, Dillyane Freitas, Lucas Souza, Marselle Lima e Nicole Andrade<br \/>\nEnsaios: Angeani Macedo, L\u00edvia Teodoro<br \/>\nCoreografias: Angeani Macedo e L\u00edvia Teodoro<br \/>\nCoreografia de Hip Hop: Sancl\u00e9 Regino<br \/>\nIlumina\u00e7\u00e3o: Lu\u00eds Carlos<br \/>\nMaquinista: Ricardo<br \/>\nProdu\u00e7\u00e3o Gr\u00e1fica: Wellington ART GRAF<br \/>\nConfec\u00e7\u00e3o\/Guarda-Roupa e adere\u00e7os: Tereza Ateli\u00ea e Raquel Teixeira<br \/>\nCenografia: Ulisses<\/p>\n<h1>FOTO<\/h1>\n\n\t\t<style type=\"text\/css\">\n\t\t\t#gallery-1 {\n\t\t\t\tmargin: auto;\n\t\t\t}\n\t\t\t#gallery-1 .gallery-item {\n\t\t\t\tfloat: left;\n\t\t\t\tmargin-top: 10px;\n\t\t\t\ttext-align: center;\n\t\t\t\twidth: 25%;\n\t\t\t}\n\t\t\t#gallery-1 img {\n\t\t\t\tborder: 2px solid #cfcfcf;\n\t\t\t}\n\t\t\t#gallery-1 .gallery-caption {\n\t\t\t\tmargin-left: 0;\n\t\t\t}\n\t\t\t\/* see gallery_shortcode() in wp-includes\/media.php *\/\n\t\t<\/style>\n\t\t<div id='gallery-1' class='gallery galleryid-1895 gallery-columns-4 gallery-size-thumbnail'><dl class='gallery-item'>\n\t\t\t<dt class='gallery-icon landscape'>\n\t\t\t\t<a href='https:\/\/cartografiadadancadoacre.com.br\/wp-content\/uploads\/2016\/11\/espetaculidanielnacovadosleoes_escolaadorai_2016_foto-1.jpeg'><img loading=\"lazy\" decoding=\"async\" width=\"150\" height=\"150\" src=\"https:\/\/cartografiadadancadoacre.com.br\/wp-content\/uploads\/2016\/11\/espetaculidanielnacovadosleoes_escolaadorai_2016_foto-1-150x150.jpeg\" class=\"attachment-thumbnail size-thumbnail\" alt=\"\" srcset=\"https:\/\/cartografiadadancadoacre.com.br\/wp-content\/uploads\/2016\/11\/espetaculidanielnacovadosleoes_escolaadorai_2016_foto-1-150x150.jpeg 150w, https:\/\/cartografiadadancadoacre.com.br\/wp-content\/uploads\/2016\/11\/espetaculidanielnacovadosleoes_escolaadorai_2016_foto-1-300x300.jpeg 300w, https:\/\/cartografiadadancadoacre.com.br\/wp-content\/uploads\/2016\/11\/espetaculidanielnacovadosleoes_escolaadorai_2016_foto-1.jpeg 720w\" sizes=\"(max-width: 150px) 100vw, 150px\" \/><\/a>\n\t\t\t<\/dt><\/dl><dl class='gallery-item'>\n\t\t\t<dt class='gallery-icon landscape'>\n\t\t\t\t<a href='https:\/\/cartografiadadancadoacre.com.br\/wp-content\/uploads\/2016\/11\/espetaculidanielnacovadosleoes_escolaadorai_2016_foto-1.jpg'><img loading=\"lazy\" decoding=\"async\" width=\"150\" height=\"150\" src=\"https:\/\/cartografiadadancadoacre.com.br\/wp-content\/uploads\/2016\/11\/espetaculidanielnacovadosleoes_escolaadorai_2016_foto-1-150x150.jpg\" class=\"attachment-thumbnail size-thumbnail\" alt=\"\" \/><\/a>\n\t\t\t<\/dt><\/dl><dl class='gallery-item'>\n\t\t\t<dt class='gallery-icon landscape'>\n\t\t\t\t<a href='https:\/\/cartografiadadancadoacre.com.br\/wp-content\/uploads\/2016\/11\/espetaculidanielnacovadosleoes_escolaadorai_2016_foto-2.jpeg'><img loading=\"lazy\" decoding=\"async\" width=\"150\" height=\"150\" src=\"https:\/\/cartografiadadancadoacre.com.br\/wp-content\/uploads\/2016\/11\/espetaculidanielnacovadosleoes_escolaadorai_2016_foto-2-150x150.jpeg\" class=\"attachment-thumbnail size-thumbnail\" alt=\"\" \/><\/a>\n\t\t\t<\/dt><\/dl><dl class='gallery-item'>\n\t\t\t<dt class='gallery-icon landscape'>\n\t\t\t\t<a href='https:\/\/cartografiadadancadoacre.com.br\/wp-content\/uploads\/2016\/11\/daniel_Adorai_foto.jpg'><img loading=\"lazy\" decoding=\"async\" width=\"150\" height=\"150\" src=\"https:\/\/cartografiadadancadoacre.com.br\/wp-content\/uploads\/2016\/11\/daniel_Adorai_foto-150x150.jpg\" class=\"attachment-thumbnail size-thumbnail\" alt=\"\" \/><\/a>\n\t\t\t<\/dt><\/dl><br style=\"clear: both\" \/><dl class='gallery-item'>\n\t\t\t<dt class='gallery-icon portrait'>\n\t\t\t\t<a href='https:\/\/cartografiadadancadoacre.com.br\/wp-content\/uploads\/2016\/11\/espetaculidanielnacovadosleoes_escolaadorai_2016_foto-14-e1508188689313.jpg'><img loading=\"lazy\" decoding=\"async\" width=\"150\" height=\"150\" src=\"https:\/\/cartografiadadancadoacre.com.br\/wp-content\/uploads\/2016\/11\/espetaculidanielnacovadosleoes_escolaadorai_2016_foto-14-e1508188689313-150x150.jpg\" class=\"attachment-thumbnail size-thumbnail\" alt=\"\" \/><\/a>\n\t\t\t<\/dt><\/dl><dl class='gallery-item'>\n\t\t\t<dt class='gallery-icon landscape'>\n\t\t\t\t<a href='https:\/\/cartografiadadancadoacre.com.br\/wp-content\/uploads\/2016\/11\/espetaculidanielnacovadosleoes_escolaadorai_2016_foto-2.jpg'><img loading=\"lazy\" decoding=\"async\" width=\"150\" height=\"150\" src=\"https:\/\/cartografiadadancadoacre.com.br\/wp-content\/uploads\/2016\/11\/espetaculidanielnacovadosleoes_escolaadorai_2016_foto-2-150x150.jpg\" class=\"attachment-thumbnail size-thumbnail\" alt=\"\" \/><\/a>\n\t\t\t<\/dt><\/dl><dl class='gallery-item'>\n\t\t\t<dt class='gallery-icon landscape'>\n\t\t\t\t<a href='https:\/\/cartografiadadancadoacre.com.br\/wp-content\/uploads\/2016\/11\/espetaculidanielnacovadosleoes_escolaadorai_2016_foto-3.jpeg'><img loading=\"lazy\" decoding=\"async\" width=\"150\" height=\"150\" src=\"https:\/\/cartografiadadancadoacre.com.br\/wp-content\/uploads\/2016\/11\/espetaculidanielnacovadosleoes_escolaadorai_2016_foto-3-150x150.jpeg\" class=\"attachment-thumbnail size-thumbnail\" alt=\"\" \/><\/a>\n\t\t\t<\/dt><\/dl><dl class='gallery-item'>\n\t\t\t<dt class='gallery-icon landscape'>\n\t\t\t\t<a href='https:\/\/cartografiadadancadoacre.com.br\/wp-content\/uploads\/2016\/11\/espetaculidanielnacovadosleoes_escolaadorai_2016_foto-3.jpg'><img loading=\"lazy\" decoding=\"async\" width=\"150\" height=\"150\" src=\"https:\/\/cartografiadadancadoacre.com.br\/wp-content\/uploads\/2016\/11\/espetaculidanielnacovadosleoes_escolaadorai_2016_foto-3-150x150.jpg\" class=\"attachment-thumbnail size-thumbnail\" alt=\"\" \/><\/a>\n\t\t\t<\/dt><\/dl><br style=\"clear: both\" \/><dl class='gallery-item'>\n\t\t\t<dt class='gallery-icon landscape'>\n\t\t\t\t<a href='https:\/\/cartografiadadancadoacre.com.br\/wp-content\/uploads\/2016\/11\/espetaculidanielnacovadosleoes_escolaadorai_2016_foto-4.jpeg'><img loading=\"lazy\" decoding=\"async\" width=\"150\" height=\"150\" src=\"https:\/\/cartografiadadancadoacre.com.br\/wp-content\/uploads\/2016\/11\/espetaculidanielnacovadosleoes_escolaadorai_2016_foto-4-150x150.jpeg\" class=\"attachment-thumbnail size-thumbnail\" alt=\"\" srcset=\"https:\/\/cartografiadadancadoacre.com.br\/wp-content\/uploads\/2016\/11\/espetaculidanielnacovadosleoes_escolaadorai_2016_foto-4-150x150.jpeg 150w, https:\/\/cartografiadadancadoacre.com.br\/wp-content\/uploads\/2016\/11\/espetaculidanielnacovadosleoes_escolaadorai_2016_foto-4-300x300.jpeg 300w, https:\/\/cartografiadadancadoacre.com.br\/wp-content\/uploads\/2016\/11\/espetaculidanielnacovadosleoes_escolaadorai_2016_foto-4.jpeg 720w\" sizes=\"(max-width: 150px) 100vw, 150px\" \/><\/a>\n\t\t\t<\/dt><\/dl><dl class='gallery-item'>\n\t\t\t<dt class='gallery-icon landscape'>\n\t\t\t\t<a href='https:\/\/cartografiadadancadoacre.com.br\/wp-content\/uploads\/2016\/11\/espetaculidanielnacovadosleoes_escolaadorai_2016_foto-4.jpg'><img loading=\"lazy\" decoding=\"async\" width=\"150\" height=\"150\" src=\"https:\/\/cartografiadadancadoacre.com.br\/wp-content\/uploads\/2016\/11\/espetaculidanielnacovadosleoes_escolaadorai_2016_foto-4-150x150.jpg\" class=\"attachment-thumbnail size-thumbnail\" alt=\"\" \/><\/a>\n\t\t\t<\/dt><\/dl><dl class='gallery-item'>\n\t\t\t<dt class='gallery-icon landscape'>\n\t\t\t\t<a href='https:\/\/cartografiadadancadoacre.com.br\/wp-content\/uploads\/2016\/11\/espetaculidanielnacovadosleoes_escolaadorai_2016_foto-5.jpeg'><img loading=\"lazy\" decoding=\"async\" width=\"150\" height=\"150\" src=\"https:\/\/cartografiadadancadoacre.com.br\/wp-content\/uploads\/2016\/11\/espetaculidanielnacovadosleoes_escolaadorai_2016_foto-5-150x150.jpeg\" class=\"attachment-thumbnail size-thumbnail\" alt=\"\" srcset=\"https:\/\/cartografiadadancadoacre.com.br\/wp-content\/uploads\/2016\/11\/espetaculidanielnacovadosleoes_escolaadorai_2016_foto-5-150x150.jpeg 150w, https:\/\/cartografiadadancadoacre.com.br\/wp-content\/uploads\/2016\/11\/espetaculidanielnacovadosleoes_escolaadorai_2016_foto-5-300x300.jpeg 300w, https:\/\/cartografiadadancadoacre.com.br\/wp-content\/uploads\/2016\/11\/espetaculidanielnacovadosleoes_escolaadorai_2016_foto-5.jpeg 720w\" sizes=\"(max-width: 150px) 100vw, 150px\" \/><\/a>\n\t\t\t<\/dt><\/dl><dl class='gallery-item'>\n\t\t\t<dt class='gallery-icon landscape'>\n\t\t\t\t<a href='https:\/\/cartografiadadancadoacre.com.br\/wp-content\/uploads\/2016\/11\/espetaculidanielnacovadosleoes_escolaadorai_2016_foto-5.jpg'><img loading=\"lazy\" decoding=\"async\" width=\"150\" height=\"150\" src=\"https:\/\/cartografiadadancadoacre.com.br\/wp-content\/uploads\/2016\/11\/espetaculidanielnacovadosleoes_escolaadorai_2016_foto-5-150x150.jpg\" class=\"attachment-thumbnail size-thumbnail\" alt=\"\" \/><\/a>\n\t\t\t<\/dt><\/dl><br style=\"clear: both\" \/><dl class='gallery-item'>\n\t\t\t<dt class='gallery-icon portrait'>\n\t\t\t\t<a href='https:\/\/cartografiadadancadoacre.com.br\/wp-content\/uploads\/2016\/11\/espetaculidanielnacovadosleoes_escolaadorai_2016_foto-9.jpg'><img loading=\"lazy\" decoding=\"async\" width=\"150\" height=\"150\" src=\"https:\/\/cartografiadadancadoacre.com.br\/wp-content\/uploads\/2016\/11\/espetaculidanielnacovadosleoes_escolaadorai_2016_foto-9-150x150.jpg\" class=\"attachment-thumbnail size-thumbnail\" alt=\"\" \/><\/a>\n\t\t\t<\/dt><\/dl><dl class='gallery-item'>\n\t\t\t<dt class='gallery-icon landscape'>\n\t\t\t\t<a href='https:\/\/cartografiadadancadoacre.com.br\/wp-content\/uploads\/2016\/11\/espetaculidanielnacovadosleoes_escolaadorai_2016_foto-8.jpg'><img loading=\"lazy\" decoding=\"async\" width=\"150\" height=\"150\" src=\"https:\/\/cartografiadadancadoacre.com.br\/wp-content\/uploads\/2016\/11\/espetaculidanielnacovadosleoes_escolaadorai_2016_foto-8-150x150.jpg\" class=\"attachment-thumbnail size-thumbnail\" alt=\"\" \/><\/a>\n\t\t\t<\/dt><\/dl><dl class='gallery-item'>\n\t\t\t<dt class='gallery-icon landscape'>\n\t\t\t\t<a href='https:\/\/cartografiadadancadoacre.com.br\/wp-content\/uploads\/2016\/11\/espetaculidanielnacovadosleoes_escolaadorai_2016_foto-7.jpg'><img loading=\"lazy\" decoding=\"async\" width=\"150\" height=\"150\" src=\"https:\/\/cartografiadadancadoacre.com.br\/wp-content\/uploads\/2016\/11\/espetaculidanielnacovadosleoes_escolaadorai_2016_foto-7-150x150.jpg\" class=\"attachment-thumbnail size-thumbnail\" alt=\"\" \/><\/a>\n\t\t\t<\/dt><\/dl><dl class='gallery-item'>\n\t\t\t<dt class='gallery-icon landscape'>\n\t\t\t\t<a href='https:\/\/cartografiadadancadoacre.com.br\/wp-content\/uploads\/2016\/11\/espetaculidanielnacovadosleoes_escolaadorai_2016_foto-6.jpg'><img loading=\"lazy\" decoding=\"async\" width=\"150\" height=\"150\" src=\"https:\/\/cartografiadadancadoacre.com.br\/wp-content\/uploads\/2016\/11\/espetaculidanielnacovadosleoes_escolaadorai_2016_foto-6-150x150.jpg\" class=\"attachment-thumbnail size-thumbnail\" alt=\"\" \/><\/a>\n\t\t\t<\/dt><\/dl><br style=\"clear: both\" \/><dl class='gallery-item'>\n\t\t\t<dt class='gallery-icon landscape'>\n\t\t\t\t<a href='https:\/\/cartografiadadancadoacre.com.br\/wp-content\/uploads\/2016\/11\/espetaculidanielnacovadosleoes_escolaadorai_2016_foto-5-2.jpg'><img loading=\"lazy\" decoding=\"async\" width=\"150\" height=\"150\" src=\"https:\/\/cartografiadadancadoacre.com.br\/wp-content\/uploads\/2016\/11\/espetaculidanielnacovadosleoes_escolaadorai_2016_foto-5-2-150x150.jpg\" class=\"attachment-thumbnail size-thumbnail\" alt=\"\" \/><\/a>\n\t\t\t<\/dt><\/dl><dl class='gallery-item'>\n\t\t\t<dt class='gallery-icon landscape'>\n\t\t\t\t<a href='https:\/\/cartografiadadancadoacre.com.br\/wp-content\/uploads\/2016\/11\/espetaculidanielnacovadosleoes_escolaadorai_2016_foto-10.jpg'><img loading=\"lazy\" decoding=\"async\" width=\"150\" height=\"150\" src=\"https:\/\/cartografiadadancadoacre.com.br\/wp-content\/uploads\/2016\/11\/espetaculidanielnacovadosleoes_escolaadorai_2016_foto-10-150x150.jpg\" class=\"attachment-thumbnail size-thumbnail\" alt=\"\" \/><\/a>\n\t\t\t<\/dt><\/dl><dl class='gallery-item'>\n\t\t\t<dt class='gallery-icon portrait'>\n\t\t\t\t<a href='https:\/\/cartografiadadancadoacre.com.br\/wp-content\/uploads\/2016\/11\/espetaculidanielnacovadosleoes_escolaadorai_2016_foto-13.jpg'><img loading=\"lazy\" decoding=\"async\" width=\"150\" height=\"150\" src=\"https:\/\/cartografiadadancadoacre.com.br\/wp-content\/uploads\/2016\/11\/espetaculidanielnacovadosleoes_escolaadorai_2016_foto-13-150x150.jpg\" class=\"attachment-thumbnail size-thumbnail\" alt=\"\" \/><\/a>\n\t\t\t<\/dt><\/dl><dl class='gallery-item'>\n\t\t\t<dt class='gallery-icon landscape'>\n\t\t\t\t<a href='https:\/\/cartografiadadancadoacre.com.br\/wp-content\/uploads\/2016\/11\/daniel_adorai_foto-1.jpg'><img loading=\"lazy\" decoding=\"async\" width=\"150\" height=\"150\" src=\"https:\/\/cartografiadadancadoacre.com.br\/wp-content\/uploads\/2016\/11\/daniel_adorai_foto-1-150x150.jpg\" class=\"attachment-thumbnail size-thumbnail\" alt=\"\" \/><\/a>\n\t\t\t<\/dt><\/dl><br style=\"clear: both\" \/><dl class='gallery-item'>\n\t\t\t<dt class='gallery-icon landscape'>\n\t\t\t\t<a href='https:\/\/cartografiadadancadoacre.com.br\/wp-content\/uploads\/2016\/11\/daniel_adorai_foto-2.jpg'><img loading=\"lazy\" decoding=\"async\" width=\"150\" height=\"150\" src=\"https:\/\/cartografiadadancadoacre.com.br\/wp-content\/uploads\/2016\/11\/daniel_adorai_foto-2-150x150.jpg\" class=\"attachment-thumbnail size-thumbnail\" alt=\"\" \/><\/a>\n\t\t\t<\/dt><\/dl>\n\t\t\t<br style='clear: both' \/>\n\t\t<\/div>\n\n<p style=\"text-align: center;\"><span id=\"m_4650315354493649781yui_3_16_0_ym19_1_1503607540178_18452\">OBS: Todas as fotos foram doadas por artistas da cidade ao acervo.<\/span>\u00a0Caso reconhe\u00e7a o autor de alguma dessas fotos, por favor, entre em contato conosco, pois \u00e9 nosso interesse registrar e resguardar os direitos dos profissionais.<\/p>\n<h1>V\u00cdDEOS<\/h1>\n<p><iframe loading=\"lazy\" src=\"https:\/\/player.vimeo.com\/video\/234395428?dnt=1&#038;app_id=122963\" width=\"640\" height=\"360\" frameborder=\"0\" title=\"Daniel na cova dos le&otilde;es_Escola de Dan&ccedil;a Adorai_2016\" allow=\"autoplay; fullscreen\" allowfullscreen><\/iframe><\/p>\n<h1>PE\u00c7AS GR\u00c1FICAS<\/h1>\n<p><a href=\"http:\/\/cartografiadadancadoacre.com.br\/wp-content\/uploads\/2016\/11\/espetaculodanielnacovadosleoes_escolaadorai_2016_cartaz.jpg\"><img loading=\"lazy\" decoding=\"async\" class=\"alignnone wp-image-1906 size-medium\" src=\"http:\/\/cartografiadadancadoacre.com.br\/wp-content\/uploads\/2016\/11\/espetaculodanielnacovadosleoes_escolaadorai_2016_cartaz-262x300.jpg\" alt=\"espetaculodanielnacovadosleoes_escolaadorai_2016_cartaz\" width=\"262\" height=\"300\" srcset=\"https:\/\/cartografiadadancadoacre.com.br\/wp-content\/uploads\/2016\/11\/espetaculodanielnacovadosleoes_escolaadorai_2016_cartaz-262x300.jpg 262w, https:\/\/cartografiadadancadoacre.com.br\/wp-content\/uploads\/2016\/11\/espetaculodanielnacovadosleoes_escolaadorai_2016_cartaz.jpg 534w\" sizes=\"(max-width: 262px) 100vw, 262px\" \/><\/a><br \/>\n<a href=\"http:\/\/cartografiadadancadoacre.com.br\/wp-content\/uploads\/2016\/11\/espetaculodanielnacovadosleoes_escolaadorai_2016_folder.jpg\"><img loading=\"lazy\" decoding=\"async\" class=\"alignleft wp-image-1931 size-large\" src=\"http:\/\/cartografiadadancadoacre.com.br\/wp-content\/uploads\/2016\/11\/espetaculodanielnacovadosleoes_escolaadorai_2016_folder-740x1024.jpg\" alt=\"espetaculodanielnacovadosleoes_escolaadorai_2016_folder\" width=\"740\" height=\"1024\" srcset=\"https:\/\/cartografiadadancadoacre.com.br\/wp-content\/uploads\/2016\/11\/espetaculodanielnacovadosleoes_escolaadorai_2016_folder-740x1024.jpg 740w, https:\/\/cartografiadadancadoacre.com.br\/wp-content\/uploads\/2016\/11\/espetaculodanielnacovadosleoes_escolaadorai_2016_folder-217x300.jpg 217w, https:\/\/cartografiadadancadoacre.com.br\/wp-content\/uploads\/2016\/11\/espetaculodanielnacovadosleoes_escolaadorai_2016_folder-768x1063.jpg 768w, https:\/\/cartografiadadancadoacre.com.br\/wp-content\/uploads\/2016\/11\/espetaculodanielnacovadosleoes_escolaadorai_2016_folder-1080x1495.jpg 1080w, https:\/\/cartografiadadancadoacre.com.br\/wp-content\/uploads\/2016\/11\/espetaculodanielnacovadosleoes_escolaadorai_2016_folder.jpg 1518w\" sizes=\"(max-width: 740px) 100vw, 740px\" \/><\/a><\/p>\n<p>&nbsp;<\/p>\n<h1><\/h1>\n<h1><\/h1>\n<h1><\/h1>\n<h1><\/h1>\n<p>&nbsp;<\/p>\n<p>&nbsp;<\/p>\n<p>&nbsp;<\/p>\n<p>&nbsp;<\/p>\n<p>&nbsp;<\/p>\n<p>&nbsp;<\/p>\n<p>&nbsp;<\/p>\n<p>&nbsp;<\/p>\n<p>&nbsp;<\/p>\n<p>&nbsp;<\/p>\n<p>&nbsp;<\/p>\n<p>&nbsp;<\/p>\n<p>&nbsp;<\/p>\n<p>&nbsp;<\/p>\n<p>&nbsp;<\/p>\n<p><img loading=\"lazy\" decoding=\"async\" class=\"alignnone size-medium wp-image-1918\" src=\"http:\/\/cartografiadadancadoacre.com.br\/wp-content\/uploads\/2016\/11\/digitalizar0003-164x300.jpg\" alt=\"digitalizar0003\" width=\"164\" height=\"300\" srcset=\"https:\/\/cartografiadadancadoacre.com.br\/wp-content\/uploads\/2016\/11\/digitalizar0003-164x300.jpg 164w, https:\/\/cartografiadadancadoacre.com.br\/wp-content\/uploads\/2016\/11\/digitalizar0003-768x1406.jpg 768w, https:\/\/cartografiadadancadoacre.com.br\/wp-content\/uploads\/2016\/11\/digitalizar0003-560x1024.jpg 560w, https:\/\/cartografiadadancadoacre.com.br\/wp-content\/uploads\/2016\/11\/digitalizar0003-1080x1977.jpg 1080w, https:\/\/cartografiadadancadoacre.com.br\/wp-content\/uploads\/2016\/11\/digitalizar0003.jpg 1755w\" sizes=\"(max-width: 164px) 100vw, 164px\" \/><\/p>\n<h1><\/h1>\n<h1><\/h1>\n<h1>LINKS<\/h1>\n<p>Em constru\u00e7\u00e3o.<\/p>\n<h1>MATERIAL NA IMPRENSA<\/h1>\n<p>Em constru\u00e7\u00e3o.<\/p>\n","protected":false},"excerpt":{"rendered":"<p>Escola de Dan\u00e7a Adorai SINOPSE A hist\u00f3ria de um homem que foi fiel a Deus da juventude a velhice, ele se destacou entre pessoas influentes e se tornou um dos homens mais poderosos na Medo-P\u00e9rsia. Homens invejosos procuraram meios para destruir Daniel. Perceberam que o \u00fanico ponto verane\u00e1vel era sua f\u00e9, e acharam uma maneira [&hellip;]<\/p>\n","protected":false},"author":1,"featured_media":0,"comment_status":"open","ping_status":"open","sticky":false,"template":"","format":"standard","meta":{"_et_pb_use_builder":"","_et_pb_old_content":"","_et_gb_content_width":"","footnotes":""},"categories":[2],"tags":[],"class_list":["post-1895","post","type-post","status-publish","format-standard","hentry","category-espetaculos"],"_links":{"self":[{"href":"https:\/\/cartografiadadancadoacre.com.br\/index.php?rest_route=\/wp\/v2\/posts\/1895","targetHints":{"allow":["GET"]}}],"collection":[{"href":"https:\/\/cartografiadadancadoacre.com.br\/index.php?rest_route=\/wp\/v2\/posts"}],"about":[{"href":"https:\/\/cartografiadadancadoacre.com.br\/index.php?rest_route=\/wp\/v2\/types\/post"}],"author":[{"embeddable":true,"href":"https:\/\/cartografiadadancadoacre.com.br\/index.php?rest_route=\/wp\/v2\/users\/1"}],"replies":[{"embeddable":true,"href":"https:\/\/cartografiadadancadoacre.com.br\/index.php?rest_route=%2Fwp%2Fv2%2Fcomments&post=1895"}],"version-history":[{"count":0,"href":"https:\/\/cartografiadadancadoacre.com.br\/index.php?rest_route=\/wp\/v2\/posts\/1895\/revisions"}],"wp:attachment":[{"href":"https:\/\/cartografiadadancadoacre.com.br\/index.php?rest_route=%2Fwp%2Fv2%2Fmedia&parent=1895"}],"wp:term":[{"taxonomy":"category","embeddable":true,"href":"https:\/\/cartografiadadancadoacre.com.br\/index.php?rest_route=%2Fwp%2Fv2%2Fcategories&post=1895"},{"taxonomy":"post_tag","embeddable":true,"href":"https:\/\/cartografiadadancadoacre.com.br\/index.php?rest_route=%2Fwp%2Fv2%2Ftags&post=1895"}],"curies":[{"name":"wp","href":"https:\/\/api.w.org\/{rel}","templated":true}]}}