{"id":1591,"date":"2016-07-20T23:03:50","date_gmt":"2016-07-20T23:03:50","guid":{"rendered":"http:\/\/cartografiadadancadoacre.com.br\/?p=1591"},"modified":"2017-09-13T21:44:41","modified_gmt":"2017-09-13T21:44:41","slug":"meninas-2014","status":"publish","type":"post","link":"https:\/\/cartografiadadancadoacre.com.br\/?p=1591","title":{"rendered":"Meninas (2014)"},"content":{"rendered":"<p><a href=\"http:\/\/cartografiadadancadoacre.com.br\/?p=1338\">Escola de Dan\u00e7a Dan\u00e7ando no Ritmo<\/a><\/p>\n<hr \/>\n<h1>SINOPSE<\/h1>\n<p>Meninas caminham na estrada de ch\u00e3o, barro, poeira, de p\u00e9s no ch\u00e3o, vento e ventania. Saboreando cana caiana que levam na m\u00e3o.<br \/>\nQue diz uma para outra, que a outra diz para uma nessa dan\u00e7a de gra\u00fanas.<br \/>\nCebelos pretos ao vento.<br \/>\nPensamentos ruins a inf\u00e2ncia de tormentos.<br \/>\nP\u00e9s no ch\u00e3o as meninas inocentes e ing\u00eanuas l\u00e1 se v\u00e3o.<br \/>\nE veio a seca sem compaix\u00e3o.<br \/>\nFiquei sem ch\u00e3o para a planta\u00e7\u00e3o.<br \/>\nCora\u00e7\u00e3o em flor futuro, n\u00e3o senhor, sol vento ponhe-se em um lamento.<br \/>\nMeninas que caminham no ch\u00e3o de barro com esperan\u00e7a no futuro e a certeza no cora\u00e7\u00e3o.<br \/>\nVento, areia, barro no ch\u00e3o.<br \/>\nMeninas n\u00e3o gostam de chorar nem implorar ou lamentar.<br \/>\nMeninas curvam os a cabe\u00e7a e deixam a l\u00e1grima rolar.<\/p>\n<p>FONTE: Texto fornecido por Lilian Pinho (Escola de Dan\u00e7a Dan\u00e7ando no Ritmo)<\/p>\n<h1>FICHA T\u00c9CNICA<\/h1>\n<p>Dire\u00e7\u00e3o Geral, Coreografias: Lilian Pinho<br \/>\nCo-Dire\u00e7\u00e3o: S\u00f4nia Virginia<br \/>\nProdu\u00e7\u00e3o Musical: Paulo Regis<br \/>\nIlumina\u00e7\u00e3o: Lu\u00edz Carlos<br \/>\nSonoplasta: Paulo Regis e Paulo Henrique<br \/>\nMaquinista: Jos\u00e9 Ricardo de Lima<br \/>\nIlumina\u00e7\u00e3o: Luiz Carlos<br \/>\nMarketing: Lilian Pinho e Kelly Lima<br \/>\nDesigner Gr\u00e1fico: Edson Souza<br \/>\nGr\u00e1fica e Impress\u00e3o: Grafinorte<br \/>\nCenografia: Ulisses Sanchez<br \/>\nFigurino: Kelly Lima<\/p>\n<h1>FOTO<\/h1>\n\n\t\t<style type=\"text\/css\">\n\t\t\t#gallery-1 {\n\t\t\t\tmargin: auto;\n\t\t\t}\n\t\t\t#gallery-1 .gallery-item {\n\t\t\t\tfloat: left;\n\t\t\t\tmargin-top: 10px;\n\t\t\t\ttext-align: center;\n\t\t\t\twidth: 25%;\n\t\t\t}\n\t\t\t#gallery-1 img {\n\t\t\t\tborder: 2px solid #cfcfcf;\n\t\t\t}\n\t\t\t#gallery-1 .gallery-caption {\n\t\t\t\tmargin-left: 0;\n\t\t\t}\n\t\t\t\/* see gallery_shortcode() in wp-includes\/media.php *\/\n\t\t<\/style>\n\t\t<div id='gallery-1' class='gallery galleryid-1591 gallery-columns-4 gallery-size-thumbnail'><dl class='gallery-item'>\n\t\t\t<dt class='gallery-icon landscape'>\n\t\t\t\t<a href='https:\/\/cartografiadadancadoacre.com.br\/wp-content\/uploads\/2016\/07\/17-Espetaculo-Meninas_Dancando-no-ritmo_2014_foto-1.jpg'><img loading=\"lazy\" decoding=\"async\" width=\"150\" height=\"150\" src=\"https:\/\/cartografiadadancadoacre.com.br\/wp-content\/uploads\/2016\/07\/17-Espetaculo-Meninas_Dancando-no-ritmo_2014_foto-1-150x150.jpg\" class=\"attachment-thumbnail size-thumbnail\" alt=\"\" \/><\/a>\n\t\t\t<\/dt><\/dl><dl class='gallery-item'>\n\t\t\t<dt class='gallery-icon landscape'>\n\t\t\t\t<a href='https:\/\/cartografiadadancadoacre.com.br\/wp-content\/uploads\/2016\/07\/17-Espetaculo-Meninas_Dancando-no-ritmo_2014_foto-2.jpg'><img loading=\"lazy\" decoding=\"async\" width=\"150\" height=\"150\" src=\"https:\/\/cartografiadadancadoacre.com.br\/wp-content\/uploads\/2016\/07\/17-Espetaculo-Meninas_Dancando-no-ritmo_2014_foto-2-150x150.jpg\" class=\"attachment-thumbnail size-thumbnail\" alt=\"\" \/><\/a>\n\t\t\t<\/dt><\/dl><dl class='gallery-item'>\n\t\t\t<dt class='gallery-icon landscape'>\n\t\t\t\t<a href='https:\/\/cartografiadadancadoacre.com.br\/wp-content\/uploads\/2016\/07\/17-Espetaculo-Meninas_Dancando-no-ritmo_2014_foto-3.jpg'><img loading=\"lazy\" decoding=\"async\" width=\"150\" height=\"150\" src=\"https:\/\/cartografiadadancadoacre.com.br\/wp-content\/uploads\/2016\/07\/17-Espetaculo-Meninas_Dancando-no-ritmo_2014_foto-3-150x150.jpg\" class=\"attachment-thumbnail size-thumbnail\" alt=\"\" \/><\/a>\n\t\t\t<\/dt><\/dl><dl class='gallery-item'>\n\t\t\t<dt class='gallery-icon landscape'>\n\t\t\t\t<a href='https:\/\/cartografiadadancadoacre.com.br\/wp-content\/uploads\/2016\/07\/17-Espetaculo-Meninas_Dancando-no-ritmo_2014_foto-4.jpg'><img loading=\"lazy\" decoding=\"async\" width=\"150\" height=\"150\" src=\"https:\/\/cartografiadadancadoacre.com.br\/wp-content\/uploads\/2016\/07\/17-Espetaculo-Meninas_Dancando-no-ritmo_2014_foto-4-150x150.jpg\" class=\"attachment-thumbnail size-thumbnail\" alt=\"\" \/><\/a>\n\t\t\t<\/dt><\/dl><br style=\"clear: both\" \/><dl class='gallery-item'>\n\t\t\t<dt class='gallery-icon landscape'>\n\t\t\t\t<a href='https:\/\/cartografiadadancadoacre.com.br\/wp-content\/uploads\/2016\/07\/17-Espetaculo-Meninas_Dancando-no-ritmo_2014_foto-5.jpg'><img loading=\"lazy\" decoding=\"async\" width=\"150\" height=\"150\" src=\"https:\/\/cartografiadadancadoacre.com.br\/wp-content\/uploads\/2016\/07\/17-Espetaculo-Meninas_Dancando-no-ritmo_2014_foto-5-150x150.jpg\" class=\"attachment-thumbnail size-thumbnail\" alt=\"\" \/><\/a>\n\t\t\t<\/dt><\/dl>\n\t\t\t<br style='clear: both' \/>\n\t\t<\/div>\n\n<p style=\"text-align: center;\"><span id=\"m_811253596397404154yui_3_16_0_ym19_1_1503607540178_18452\">OBS: Todas as fotos foram doadas por artistas da cidade ao acervo.<\/span>\u00a0Caso reconhe\u00e7a o autor de alguma dessas fotos, por favor, entre em contato conosco, pois \u00e9 nosso interesse registrar e resguardar os direitos dos profissionais.<\/p>\n<h1>V\u00cdDEOS<\/h1>\n<p>Em constru\u00e7\u00e3o<\/p>\n<h1>PE\u00c7AS GR\u00c1FICAS<\/h1>\n<p><a href=\"http:\/\/cartografiadadancadoacre.com.br\/wp-content\/uploads\/2016\/07\/17-Espetaculo-Meninas_Dancando-no-ritmo_2014_pecas-graficas-1.jpg\" rel=\"attachment wp-att-1631\"><img loading=\"lazy\" decoding=\"async\" class=\"alignnone size-medium wp-image-1631\" src=\"http:\/\/cartografiadadancadoacre.com.br\/wp-content\/uploads\/2016\/07\/17-Espetaculo-Meninas_Dancando-no-ritmo_2014_pecas-graficas-1-300x206.jpg\" alt=\"17 Espetaculo Meninas_Dancando no ritmo_2014_pecas graficas (1)\" width=\"300\" height=\"206\" srcset=\"https:\/\/cartografiadadancadoacre.com.br\/wp-content\/uploads\/2016\/07\/17-Espetaculo-Meninas_Dancando-no-ritmo_2014_pecas-graficas-1-300x206.jpg 300w, https:\/\/cartografiadadancadoacre.com.br\/wp-content\/uploads\/2016\/07\/17-Espetaculo-Meninas_Dancando-no-ritmo_2014_pecas-graficas-1-768x529.jpg 768w, https:\/\/cartografiadadancadoacre.com.br\/wp-content\/uploads\/2016\/07\/17-Espetaculo-Meninas_Dancando-no-ritmo_2014_pecas-graficas-1-1024x705.jpg 1024w, https:\/\/cartografiadadancadoacre.com.br\/wp-content\/uploads\/2016\/07\/17-Espetaculo-Meninas_Dancando-no-ritmo_2014_pecas-graficas-1-1080x743.jpg 1080w, https:\/\/cartografiadadancadoacre.com.br\/wp-content\/uploads\/2016\/07\/17-Espetaculo-Meninas_Dancando-no-ritmo_2014_pecas-graficas-1.jpg 1517w\" sizes=\"(max-width: 300px) 100vw, 300px\" \/><\/a><\/p>\n<p><a href=\"http:\/\/cartografiadadancadoacre.com.br\/wp-content\/uploads\/2016\/07\/17-Espetaculo-Meninas_Dancando-no-ritmo_2014_pecas-graficas_camisa.jpg\" rel=\"attachment wp-att-1632\"><img loading=\"lazy\" decoding=\"async\" class=\"alignnone size-medium wp-image-1632\" src=\"http:\/\/cartografiadadancadoacre.com.br\/wp-content\/uploads\/2016\/07\/17-Espetaculo-Meninas_Dancando-no-ritmo_2014_pecas-graficas_camisa-300x160.jpg\" alt=\"17 Espetaculo Meninas_Dancando no ritmo_2014_pecas graficas_camisa\" width=\"300\" height=\"160\" srcset=\"https:\/\/cartografiadadancadoacre.com.br\/wp-content\/uploads\/2016\/07\/17-Espetaculo-Meninas_Dancando-no-ritmo_2014_pecas-graficas_camisa-300x160.jpg 300w, https:\/\/cartografiadadancadoacre.com.br\/wp-content\/uploads\/2016\/07\/17-Espetaculo-Meninas_Dancando-no-ritmo_2014_pecas-graficas_camisa-768x411.jpg 768w, https:\/\/cartografiadadancadoacre.com.br\/wp-content\/uploads\/2016\/07\/17-Espetaculo-Meninas_Dancando-no-ritmo_2014_pecas-graficas_camisa-1024x548.jpg 1024w, https:\/\/cartografiadadancadoacre.com.br\/wp-content\/uploads\/2016\/07\/17-Espetaculo-Meninas_Dancando-no-ritmo_2014_pecas-graficas_camisa-1080x578.jpg 1080w\" sizes=\"(max-width: 300px) 100vw, 300px\" \/><\/a><\/p>\n<p><a href=\"http:\/\/cartografiadadancadoacre.com.br\/wp-content\/uploads\/2016\/07\/17-Espetaculo-Meninas_Dancando-no-ritmo_2014_pecas-graficas_cartaz.jpg\" rel=\"attachment wp-att-1633\"><img loading=\"lazy\" decoding=\"async\" class=\"alignnone size-medium wp-image-1633\" src=\"http:\/\/cartografiadadancadoacre.com.br\/wp-content\/uploads\/2016\/07\/17-Espetaculo-Meninas_Dancando-no-ritmo_2014_pecas-graficas_cartaz-246x300.jpg\" alt=\"17 Espetaculo Meninas_Dancando no ritmo_2014_pecas graficas_cartaz\" width=\"246\" height=\"300\" srcset=\"https:\/\/cartografiadadancadoacre.com.br\/wp-content\/uploads\/2016\/07\/17-Espetaculo-Meninas_Dancando-no-ritmo_2014_pecas-graficas_cartaz-246x300.jpg 246w, https:\/\/cartografiadadancadoacre.com.br\/wp-content\/uploads\/2016\/07\/17-Espetaculo-Meninas_Dancando-no-ritmo_2014_pecas-graficas_cartaz.jpg 678w\" sizes=\"(max-width: 246px) 100vw, 246px\" \/><\/a><\/p>\n<p><a href=\"http:\/\/cartografiadadancadoacre.com.br\/wp-content\/uploads\/2016\/07\/17-Espetaculo-Meninas_Dancando-no-ritmo_2014_pecas-graficas_ingresso.jpg\" rel=\"attachment wp-att-1634\"><img loading=\"lazy\" decoding=\"async\" class=\"alignnone size-medium wp-image-1634\" src=\"http:\/\/cartografiadadancadoacre.com.br\/wp-content\/uploads\/2016\/07\/17-Espetaculo-Meninas_Dancando-no-ritmo_2014_pecas-graficas_ingresso-245x300.jpg\" alt=\"17 Espetaculo Meninas_Dancando no ritmo_2014_pecas graficas_ingresso\" width=\"245\" height=\"300\" srcset=\"https:\/\/cartografiadadancadoacre.com.br\/wp-content\/uploads\/2016\/07\/17-Espetaculo-Meninas_Dancando-no-ritmo_2014_pecas-graficas_ingresso-245x300.jpg 245w, https:\/\/cartografiadadancadoacre.com.br\/wp-content\/uploads\/2016\/07\/17-Espetaculo-Meninas_Dancando-no-ritmo_2014_pecas-graficas_ingresso-768x939.jpg 768w, https:\/\/cartografiadadancadoacre.com.br\/wp-content\/uploads\/2016\/07\/17-Espetaculo-Meninas_Dancando-no-ritmo_2014_pecas-graficas_ingresso-838x1024.jpg 838w, https:\/\/cartografiadadancadoacre.com.br\/wp-content\/uploads\/2016\/07\/17-Espetaculo-Meninas_Dancando-no-ritmo_2014_pecas-graficas_ingresso-1080x1320.jpg 1080w, https:\/\/cartografiadadancadoacre.com.br\/wp-content\/uploads\/2016\/07\/17-Espetaculo-Meninas_Dancando-no-ritmo_2014_pecas-graficas_ingresso.jpg 1355w\" sizes=\"(max-width: 245px) 100vw, 245px\" \/><\/a><\/p>\n<h1>LINKS<\/h1>\n<p>Em constru\u00e7\u00e3o.<\/p>\n<h1>MATERIAL NA IMPRENSA<\/h1>\n<p>Em constru\u00e7\u00e3o.<\/p>\n","protected":false},"excerpt":{"rendered":"<p>Escola de Dan\u00e7a Dan\u00e7ando no Ritmo SINOPSE Meninas caminham na estrada de ch\u00e3o, barro, poeira, de p\u00e9s no ch\u00e3o, vento e ventania. Saboreando cana caiana que levam na m\u00e3o. Que diz uma para outra, que a outra diz para uma nessa dan\u00e7a de gra\u00fanas. Cebelos pretos ao vento. Pensamentos ruins a inf\u00e2ncia de tormentos. P\u00e9s [&hellip;]<\/p>\n","protected":false},"author":1,"featured_media":0,"comment_status":"open","ping_status":"open","sticky":false,"template":"","format":"standard","meta":{"_et_pb_use_builder":"","_et_pb_old_content":"","_et_gb_content_width":"","footnotes":""},"categories":[2],"tags":[],"class_list":["post-1591","post","type-post","status-publish","format-standard","hentry","category-espetaculos"],"_links":{"self":[{"href":"https:\/\/cartografiadadancadoacre.com.br\/index.php?rest_route=\/wp\/v2\/posts\/1591","targetHints":{"allow":["GET"]}}],"collection":[{"href":"https:\/\/cartografiadadancadoacre.com.br\/index.php?rest_route=\/wp\/v2\/posts"}],"about":[{"href":"https:\/\/cartografiadadancadoacre.com.br\/index.php?rest_route=\/wp\/v2\/types\/post"}],"author":[{"embeddable":true,"href":"https:\/\/cartografiadadancadoacre.com.br\/index.php?rest_route=\/wp\/v2\/users\/1"}],"replies":[{"embeddable":true,"href":"https:\/\/cartografiadadancadoacre.com.br\/index.php?rest_route=%2Fwp%2Fv2%2Fcomments&post=1591"}],"version-history":[{"count":0,"href":"https:\/\/cartografiadadancadoacre.com.br\/index.php?rest_route=\/wp\/v2\/posts\/1591\/revisions"}],"wp:attachment":[{"href":"https:\/\/cartografiadadancadoacre.com.br\/index.php?rest_route=%2Fwp%2Fv2%2Fmedia&parent=1591"}],"wp:term":[{"taxonomy":"category","embeddable":true,"href":"https:\/\/cartografiadadancadoacre.com.br\/index.php?rest_route=%2Fwp%2Fv2%2Fcategories&post=1591"},{"taxonomy":"post_tag","embeddable":true,"href":"https:\/\/cartografiadadancadoacre.com.br\/index.php?rest_route=%2Fwp%2Fv2%2Ftags&post=1591"}],"curies":[{"name":"wp","href":"https:\/\/api.w.org\/{rel}","templated":true}]}}