{"id":1509,"date":"2016-07-20T21:58:02","date_gmt":"2016-07-20T21:58:02","guid":{"rendered":"http:\/\/cartografiadadancadoacre.com.br\/?p=1509"},"modified":"2017-11-04T17:39:44","modified_gmt":"2017-11-04T17:39:44","slug":"principe-do-egito-2009","status":"publish","type":"post","link":"https:\/\/cartografiadadancadoacre.com.br\/?p=1509","title":{"rendered":"Pr\u00edncipe do Egito (2009)"},"content":{"rendered":"<p><a href=\"http:\/\/cartografiadadancadoacre.com.br\/?p=1338\">Escola de Dan\u00e7a Dan\u00e7ando no Ritmo<\/a><\/p>\n<hr \/>\n<h1>SINOPSE<\/h1>\n<p>De um beb\u00ea desprotegido \u00e1 pr\u00edncipe do Egito, voc\u00ea assistir\u00e1 agora a hist\u00f3ria de um homem chamado Mois\u00e9s, que foi escolhido por Deus para libertar e seu povo da tirania de Fara\u00f3, o homem que guiou o povo de Deus por 40 anos no deserto, atravessando o mar, presenciando milagres, maravilhas e frustra\u00e7\u00f5es at\u00e9 chegar a terra prometida: Cana\u00e3n.<\/p>\n<p>FONTE: Texto fornecido por Lilian Pinho (Escola de Dan\u00e7a Dan\u00e7ando no Ritmo)<\/p>\n<h1>FICHA T\u00c9CNICA<\/h1>\n<p>Dire\u00e7\u00e3o Geral, Coreografias: Lilian Pinho<br \/>\nCo-Dire\u00e7\u00e3o: S\u00f4nia Virginia e Lara Diel<br \/>\nEnsaios: Lilian Pinho, Suellia Lima e Lara Diel<br \/>\nProjeto: Lilian Pinho<br \/>\nProdu\u00e7\u00e3o Musical: Wave Produ\u00e7\u00f5es<br \/>\nIlumina\u00e7\u00e3o: Lu\u00edz Carlos<br \/>\nSonoplasta: Paulo Henrique Ramalho<br \/>\nMaquinista: Jos\u00e9 Ricardo de Lima<br \/>\nIlumina\u00e7\u00e3o: Luiz Carlos<br \/>\nMarketing: Lilian Pinho<br \/>\nAssessoria de Dire\u00e7\u00e3o: Kelly Lima, S\u00f4nia Virginia, Lara Diel, Suellia Lima, Sandra Teodoro e Paulo R\u00e9gis<br \/>\nDire\u00e7\u00e3o de Artes: Lilian Pinho<br \/>\nDesigner Gr\u00e1fico: Ferlena Ferreira \u2013 Fl Design<br \/>\nFotolito e Impress\u00e3o: Gr\u00e1fica Tico-Tico<br \/>\nCenografia e Cenot\u00e9cnica: R\u00f4mulo Mendes<br \/>\nFigurino: Lilian Pinho, Kelly Cristina, Edlise Modesto, Marta Silva<br \/>\nConfec\u00e7\u00e3o, Guarda-Roupa e Adere\u00e7os: Marta Silva, Edilse Modesto e Kelly Cristina<br \/>\nLocu\u00e7\u00e3o: Paulo R\u00e9gis Almeida de Souza Pinho<\/p>\n<h1>FOTO<\/h1>\n<p>Em constru\u00e7\u00e3o.<\/p>\n<h1>V\u00cdDEOS<\/h1>\n<p><iframe loading=\"lazy\" src=\"https:\/\/player.vimeo.com\/video\/237057184\" width=\"480\" height=\"360\" frameborder=\"0\" title=\"O Pr&iacute;ncipe do Egito_Dan&ccedil;ando no Ritmo_2009\" webkitallowfullscreen mozallowfullscreen allowfullscreen><\/iframe><\/p>\n<h1>PE\u00c7AS GR\u00c1FICAS<\/h1>\n<p><a href=\"http:\/\/cartografiadadancadoacre.com.br\/wp-content\/uploads\/2016\/07\/12-Espetaculo-Principe-do-Egito_Dancando-no-ritmo_2009_pecas-graficas_cartaz.jpg\" rel=\"attachment wp-att-1557\"><img loading=\"lazy\" decoding=\"async\" class=\"alignnone wp-image-1557 size-medium\" src=\"http:\/\/cartografiadadancadoacre.com.br\/wp-content\/uploads\/2016\/07\/12-Espetaculo-Principe-do-Egito_Dancando-no-ritmo_2009_pecas-graficas_cartaz-206x300.jpg\" alt=\"12 Espetaculo Principe do Egito_Dancando no ritmo_2009_pecas graficas_cartaz\" width=\"206\" height=\"300\" srcset=\"https:\/\/cartografiadadancadoacre.com.br\/wp-content\/uploads\/2016\/07\/12-Espetaculo-Principe-do-Egito_Dancando-no-ritmo_2009_pecas-graficas_cartaz-206x300.jpg 206w, https:\/\/cartografiadadancadoacre.com.br\/wp-content\/uploads\/2016\/07\/12-Espetaculo-Principe-do-Egito_Dancando-no-ritmo_2009_pecas-graficas_cartaz-768x1118.jpg 768w, https:\/\/cartografiadadancadoacre.com.br\/wp-content\/uploads\/2016\/07\/12-Espetaculo-Principe-do-Egito_Dancando-no-ritmo_2009_pecas-graficas_cartaz-703x1024.jpg 703w, https:\/\/cartografiadadancadoacre.com.br\/wp-content\/uploads\/2016\/07\/12-Espetaculo-Principe-do-Egito_Dancando-no-ritmo_2009_pecas-graficas_cartaz-1080x1572.jpg 1080w, https:\/\/cartografiadadancadoacre.com.br\/wp-content\/uploads\/2016\/07\/12-Espetaculo-Principe-do-Egito_Dancando-no-ritmo_2009_pecas-graficas_cartaz.jpg 1876w\" sizes=\"(max-width: 206px) 100vw, 206px\" \/><\/a><\/p>\n<p><a href=\"http:\/\/cartografiadadancadoacre.com.br\/wp-content\/uploads\/2016\/07\/12-Espetaculo-Principe-do-Egito_Dancando-no-ritmo_2009_pecas-graficas_ingresso.jpg\" rel=\"attachment wp-att-1558\"><img loading=\"lazy\" decoding=\"async\" class=\"alignnone wp-image-1558 size-medium\" src=\"http:\/\/cartografiadadancadoacre.com.br\/wp-content\/uploads\/2016\/07\/12-Espetaculo-Principe-do-Egito_Dancando-no-ritmo_2009_pecas-graficas_ingresso-161x300.jpg\" alt=\"12 Espetaculo Principe do Egito_Dancando no ritmo_2009_pecas graficas_ingresso\" width=\"161\" height=\"300\" srcset=\"https:\/\/cartografiadadancadoacre.com.br\/wp-content\/uploads\/2016\/07\/12-Espetaculo-Principe-do-Egito_Dancando-no-ritmo_2009_pecas-graficas_ingresso-161x300.jpg 161w, https:\/\/cartografiadadancadoacre.com.br\/wp-content\/uploads\/2016\/07\/12-Espetaculo-Principe-do-Egito_Dancando-no-ritmo_2009_pecas-graficas_ingresso-768x1429.jpg 768w, https:\/\/cartografiadadancadoacre.com.br\/wp-content\/uploads\/2016\/07\/12-Espetaculo-Principe-do-Egito_Dancando-no-ritmo_2009_pecas-graficas_ingresso-550x1024.jpg 550w, https:\/\/cartografiadadancadoacre.com.br\/wp-content\/uploads\/2016\/07\/12-Espetaculo-Principe-do-Egito_Dancando-no-ritmo_2009_pecas-graficas_ingresso-1080x2010.jpg 1080w, https:\/\/cartografiadadancadoacre.com.br\/wp-content\/uploads\/2016\/07\/12-Espetaculo-Principe-do-Egito_Dancando-no-ritmo_2009_pecas-graficas_ingresso.jpg 1168w\" sizes=\"(max-width: 161px) 100vw, 161px\" \/><\/a><\/p>\n<h1>LINKS<\/h1>\n<p>Em constru\u00e7\u00e3o.<\/p>\n<h1>MATERIAL NA IMPRENSA<\/h1>\n<p>Em constru\u00e7\u00e3o.<\/p>\n","protected":false},"excerpt":{"rendered":"<p>Escola de Dan\u00e7a Dan\u00e7ando no Ritmo SINOPSE De um beb\u00ea desprotegido \u00e1 pr\u00edncipe do Egito, voc\u00ea assistir\u00e1 agora a hist\u00f3ria de um homem chamado Mois\u00e9s, que foi escolhido por Deus para libertar e seu povo da tirania de Fara\u00f3, o homem que guiou o povo de Deus por 40 anos no deserto, atravessando o mar, [&hellip;]<\/p>\n","protected":false},"author":1,"featured_media":0,"comment_status":"open","ping_status":"open","sticky":false,"template":"","format":"standard","meta":{"_et_pb_use_builder":"","_et_pb_old_content":"","_et_gb_content_width":"","footnotes":""},"categories":[2],"tags":[],"class_list":["post-1509","post","type-post","status-publish","format-standard","hentry","category-espetaculos"],"_links":{"self":[{"href":"https:\/\/cartografiadadancadoacre.com.br\/index.php?rest_route=\/wp\/v2\/posts\/1509","targetHints":{"allow":["GET"]}}],"collection":[{"href":"https:\/\/cartografiadadancadoacre.com.br\/index.php?rest_route=\/wp\/v2\/posts"}],"about":[{"href":"https:\/\/cartografiadadancadoacre.com.br\/index.php?rest_route=\/wp\/v2\/types\/post"}],"author":[{"embeddable":true,"href":"https:\/\/cartografiadadancadoacre.com.br\/index.php?rest_route=\/wp\/v2\/users\/1"}],"replies":[{"embeddable":true,"href":"https:\/\/cartografiadadancadoacre.com.br\/index.php?rest_route=%2Fwp%2Fv2%2Fcomments&post=1509"}],"version-history":[{"count":0,"href":"https:\/\/cartografiadadancadoacre.com.br\/index.php?rest_route=\/wp\/v2\/posts\/1509\/revisions"}],"wp:attachment":[{"href":"https:\/\/cartografiadadancadoacre.com.br\/index.php?rest_route=%2Fwp%2Fv2%2Fmedia&parent=1509"}],"wp:term":[{"taxonomy":"category","embeddable":true,"href":"https:\/\/cartografiadadancadoacre.com.br\/index.php?rest_route=%2Fwp%2Fv2%2Fcategories&post=1509"},{"taxonomy":"post_tag","embeddable":true,"href":"https:\/\/cartografiadadancadoacre.com.br\/index.php?rest_route=%2Fwp%2Fv2%2Ftags&post=1509"}],"curies":[{"name":"wp","href":"https:\/\/api.w.org\/{rel}","templated":true}]}}