{"id":1446,"date":"2016-07-20T21:03:10","date_gmt":"2016-07-20T21:03:10","guid":{"rendered":"http:\/\/cartografiadadancadoacre.com.br\/?p=1446"},"modified":"2017-10-14T04:32:52","modified_gmt":"2017-10-14T04:32:52","slug":"do-rockn-roll-a-discoteca-2007","status":"publish","type":"post","link":"https:\/\/cartografiadadancadoacre.com.br\/?p=1446","title":{"rendered":"Dan\u00e7ando no Ritmo do Rock&#8217;n Roll \u00e0 Discoteca (2007)"},"content":{"rendered":"<p><a href=\"http:\/\/cartografiadadancadoacre.com.br\/?p=1338\">Escola de Dan\u00e7a Dan\u00e7ando no Ritmo<\/a><\/p>\n<hr \/>\n<h1>SINOPSE<\/h1>\n<p>O passado, sonhos, fantasiados, reflexos de uma vida feliz, marcas vivas em nossas lembran\u00e7as, ela reproduz cen\u00e1rios, traz para o nosso ambientem datas marcadas em calend\u00e1rios que apesar de desbotados sublima o amor de tempos marcados por: felicidade, rebeldia, bondade, amor, incertezas do amanh\u00e3 e o ardor de cada dia. S\u00e3o recorda\u00e7\u00f5es valiosas que a gente guarda no peito: de amizades, amores decep\u00e7\u00f5es aventuras e alegrias que passaram e n\u00e3o voltam. Mas hoje aqui voc\u00ea ter\u00e1 a oportunidade de relembrar todo esse tempo bom que nos deixou saudade.<\/p>\n<p>FONTE: Texto fornecido por Lilian Pinho (Escola de Dan\u00e7a Dan\u00e7ando no Ritmo)<\/p>\n<h1>FICHA T\u00c9CNICA<\/h1>\n<p>Dire\u00e7\u00e3o Geral, Coreografias: Lilian Pinho<br \/>\nCo-Dire\u00e7\u00e3o: S\u00f4nia Virginia e Lara Diel<br \/>\nEnsaios: Lilian Pinho, Suellia Lima e Lara Diel<br \/>\nProjeto: Lilian Pinho<br \/>\nProdu\u00e7\u00e3o Musical: Wave Produ\u00e7\u00f5es<br \/>\nIlumina\u00e7\u00e3o: Lu\u00edz Carlos<br \/>\nSonoplasta: Paulo Henrique Ramalho<br \/>\nMaquinista: Jos\u00e9 Ricardo de Lima<br \/>\nIlumina\u00e7\u00e3o: Luiz Carlos<br \/>\nMarketing: Lilian Pinho<br \/>\nAssessoria de Dire\u00e7\u00e3o: Kelly Lima, S\u00f4nia Virginia, Lara Diel, Suellia Lima, Sandra Teodoro e Paulo R\u00e9gis<br \/>\nDire\u00e7\u00e3o de Artes: Lilian Pinho<br \/>\nDesigner Gr\u00e1fico: Ferlena Ferreira \u2013 Fl Design<br \/>\nFotolito e Impress\u00e3o: Gr\u00e1fica Tico-Tico<br \/>\nCenografia e Cenot\u00e9cnica: R\u00f4mulo Mendes<br \/>\nFigurino: Lilian Pinho, Kelly Cristina, Edlise Modesto, Marta Silva<br \/>\nConfec\u00e7\u00e3o, Guarda-Roupa e Adere\u00e7os: Marta Silva, Edilse Modesto e Kelly Cristina<br \/>\nLocu\u00e7\u00e3o: Paulo R\u00e9gis Almeida de Souza Pinho<\/p>\n<h1>FOTO<\/h1>\n\n\t\t<style type=\"text\/css\">\n\t\t\t#gallery-1 {\n\t\t\t\tmargin: auto;\n\t\t\t}\n\t\t\t#gallery-1 .gallery-item {\n\t\t\t\tfloat: left;\n\t\t\t\tmargin-top: 10px;\n\t\t\t\ttext-align: center;\n\t\t\t\twidth: 25%;\n\t\t\t}\n\t\t\t#gallery-1 img {\n\t\t\t\tborder: 2px solid #cfcfcf;\n\t\t\t}\n\t\t\t#gallery-1 .gallery-caption {\n\t\t\t\tmargin-left: 0;\n\t\t\t}\n\t\t\t\/* see gallery_shortcode() in wp-includes\/media.php *\/\n\t\t<\/style>\n\t\t<div id='gallery-1' class='gallery galleryid-1446 gallery-columns-4 gallery-size-thumbnail'><dl class='gallery-item'>\n\t\t\t<dt class='gallery-icon portrait'>\n\t\t\t\t<a href='https:\/\/cartografiadadancadoacre.com.br\/wp-content\/uploads\/2016\/07\/11-Espetaculo-dancando-no-Ritmo-do-Rockn-Roll-a-Discoteca_dancando-no-ritmo_2007_foto-1.jpg'><img loading=\"lazy\" decoding=\"async\" width=\"150\" height=\"150\" src=\"https:\/\/cartografiadadancadoacre.com.br\/wp-content\/uploads\/2016\/07\/11-Espetaculo-dancando-no-Ritmo-do-Rockn-Roll-a-Discoteca_dancando-no-ritmo_2007_foto-1-150x150.jpg\" class=\"attachment-thumbnail size-thumbnail\" alt=\"\" \/><\/a>\n\t\t\t<\/dt><\/dl><dl class='gallery-item'>\n\t\t\t<dt class='gallery-icon landscape'>\n\t\t\t\t<a href='https:\/\/cartografiadadancadoacre.com.br\/wp-content\/uploads\/2016\/07\/11-Espetaculo-dancando-no-Ritmo-do-Rockn-Roll-a-Discoteca_dancando-no-ritmo_2007_foto-2.jpg'><img loading=\"lazy\" decoding=\"async\" width=\"150\" height=\"150\" src=\"https:\/\/cartografiadadancadoacre.com.br\/wp-content\/uploads\/2016\/07\/11-Espetaculo-dancando-no-Ritmo-do-Rockn-Roll-a-Discoteca_dancando-no-ritmo_2007_foto-2-150x150.jpg\" class=\"attachment-thumbnail size-thumbnail\" alt=\"\" \/><\/a>\n\t\t\t<\/dt><\/dl><dl class='gallery-item'>\n\t\t\t<dt class='gallery-icon landscape'>\n\t\t\t\t<a href='https:\/\/cartografiadadancadoacre.com.br\/wp-content\/uploads\/2016\/07\/rockroll_dancandonoritmo_foto2.png'><img loading=\"lazy\" decoding=\"async\" width=\"150\" height=\"150\" src=\"https:\/\/cartografiadadancadoacre.com.br\/wp-content\/uploads\/2016\/07\/rockroll_dancandonoritmo_foto2-150x150.png\" class=\"attachment-thumbnail size-thumbnail\" alt=\"\" \/><\/a>\n\t\t\t<\/dt><\/dl>\n\t\t\t<br style='clear: both' \/>\n\t\t<\/div>\n\n<p style=\"text-align: center;\"><span id=\"m_4650315354493649781yui_3_16_0_ym19_1_1503607540178_18452\">OBS: Todas as fotos foram doadas por artistas da cidade ao acervo.<\/span>\u00a0Caso reconhe\u00e7a o autor de alguma dessas fotos, por favor, entre em contato conosco, pois \u00e9 nosso interesse registrar e resguardar os direitos dos profissionais.<\/p>\n<h1>V\u00cdDEOS<\/h1>\n<p>Em constru\u00e7\u00e3o<\/p>\n<h1>PE\u00c7AS GR\u00c1FICAS<\/h1>\n<p><a href=\"http:\/\/cartografiadadancadoacre.com.br\/wp-content\/uploads\/2016\/07\/11-Espetaculo-dancando-no-Ritmo-do-Rockn-Roll-a-Discoteca_dancando-no-ritmo_2007_pecas-graficas_cartaz.jpg\" rel=\"attachment wp-att-1553\"><img loading=\"lazy\" decoding=\"async\" class=\"alignnone wp-image-1553 size-medium\" src=\"http:\/\/cartografiadadancadoacre.com.br\/wp-content\/uploads\/2016\/07\/11-Espetaculo-dancando-no-Ritmo-do-Rockn-Roll-a-Discoteca_dancando-no-ritmo_2007_pecas-graficas_cartaz-211x300.jpg\" alt=\"11 Espetaculo dancando no Ritmo do Rock'n Roll a Discoteca_dancando no ritmo_2007_pecas graficas_cartaz\" width=\"211\" height=\"300\" srcset=\"https:\/\/cartografiadadancadoacre.com.br\/wp-content\/uploads\/2016\/07\/11-Espetaculo-dancando-no-Ritmo-do-Rockn-Roll-a-Discoteca_dancando-no-ritmo_2007_pecas-graficas_cartaz-211x300.jpg 211w, https:\/\/cartografiadadancadoacre.com.br\/wp-content\/uploads\/2016\/07\/11-Espetaculo-dancando-no-Ritmo-do-Rockn-Roll-a-Discoteca_dancando-no-ritmo_2007_pecas-graficas_cartaz-768x1091.jpg 768w, https:\/\/cartografiadadancadoacre.com.br\/wp-content\/uploads\/2016\/07\/11-Espetaculo-dancando-no-Ritmo-do-Rockn-Roll-a-Discoteca_dancando-no-ritmo_2007_pecas-graficas_cartaz-721x1024.jpg 721w, https:\/\/cartografiadadancadoacre.com.br\/wp-content\/uploads\/2016\/07\/11-Espetaculo-dancando-no-Ritmo-do-Rockn-Roll-a-Discoteca_dancando-no-ritmo_2007_pecas-graficas_cartaz-1080x1534.jpg 1080w, https:\/\/cartografiadadancadoacre.com.br\/wp-content\/uploads\/2016\/07\/11-Espetaculo-dancando-no-Ritmo-do-Rockn-Roll-a-Discoteca_dancando-no-ritmo_2007_pecas-graficas_cartaz.jpg 1916w\" sizes=\"(max-width: 211px) 100vw, 211px\" \/><\/a><\/p>\n<p><a href=\"http:\/\/cartografiadadancadoacre.com.br\/wp-content\/uploads\/2016\/07\/11-Espetaculo-dancando-no-Ritmo-do-Rockn-Roll-a-Discoteca_dancando-no-ritmo_2007_pecas-graficas_ingresso.jpg\" rel=\"attachment wp-att-1555\"><img loading=\"lazy\" decoding=\"async\" class=\"alignnone wp-image-1555 size-large\" src=\"http:\/\/cartografiadadancadoacre.com.br\/wp-content\/uploads\/2016\/07\/11-Espetaculo-dancando-no-Ritmo-do-Rockn-Roll-a-Discoteca_dancando-no-ritmo_2007_pecas-graficas_ingresso-325x1024.jpg\" alt=\"11 Espetaculo dancando no Ritmo do Rock'n Roll a Discoteca_dancando no ritmo_2007_pecas graficas_ingresso\" width=\"325\" height=\"1024\" srcset=\"https:\/\/cartografiadadancadoacre.com.br\/wp-content\/uploads\/2016\/07\/11-Espetaculo-dancando-no-Ritmo-do-Rockn-Roll-a-Discoteca_dancando-no-ritmo_2007_pecas-graficas_ingresso-325x1024.jpg 325w, https:\/\/cartografiadadancadoacre.com.br\/wp-content\/uploads\/2016\/07\/11-Espetaculo-dancando-no-Ritmo-do-Rockn-Roll-a-Discoteca_dancando-no-ritmo_2007_pecas-graficas_ingresso-95x300.jpg 95w, https:\/\/cartografiadadancadoacre.com.br\/wp-content\/uploads\/2016\/07\/11-Espetaculo-dancando-no-Ritmo-do-Rockn-Roll-a-Discoteca_dancando-no-ritmo_2007_pecas-graficas_ingresso-768x2419.jpg 768w, https:\/\/cartografiadadancadoacre.com.br\/wp-content\/uploads\/2016\/07\/11-Espetaculo-dancando-no-Ritmo-do-Rockn-Roll-a-Discoteca_dancando-no-ritmo_2007_pecas-graficas_ingresso.jpg 981w\" sizes=\"(max-width: 325px) 100vw, 325px\" \/><\/a> <a href=\"http:\/\/cartografiadadancadoacre.com.br\/wp-content\/uploads\/2016\/07\/11-Espetaculo-dancando-no-Ritmo-do-Rockn-Roll-a-Discoteca_dancando-no-ritmo_2007_pecas-graficas_folder.jpg\" rel=\"attachment wp-att-1554\"><img loading=\"lazy\" decoding=\"async\" class=\"alignnone size-large wp-image-1554\" src=\"http:\/\/cartografiadadancadoacre.com.br\/wp-content\/uploads\/2016\/07\/11-Espetaculo-dancando-no-Ritmo-do-Rockn-Roll-a-Discoteca_dancando-no-ritmo_2007_pecas-graficas_folder-1024x1002.jpg\" alt=\"11 Espetaculo dancando no Ritmo do Rock'n Roll a Discoteca_dancando no ritmo_2007_pecas graficas_folder\" width=\"1024\" height=\"1002\" srcset=\"https:\/\/cartografiadadancadoacre.com.br\/wp-content\/uploads\/2016\/07\/11-Espetaculo-dancando-no-Ritmo-do-Rockn-Roll-a-Discoteca_dancando-no-ritmo_2007_pecas-graficas_folder-1024x1002.jpg 1024w, https:\/\/cartografiadadancadoacre.com.br\/wp-content\/uploads\/2016\/07\/11-Espetaculo-dancando-no-Ritmo-do-Rockn-Roll-a-Discoteca_dancando-no-ritmo_2007_pecas-graficas_folder-300x294.jpg 300w, https:\/\/cartografiadadancadoacre.com.br\/wp-content\/uploads\/2016\/07\/11-Espetaculo-dancando-no-Ritmo-do-Rockn-Roll-a-Discoteca_dancando-no-ritmo_2007_pecas-graficas_folder-768x752.jpg 768w, https:\/\/cartografiadadancadoacre.com.br\/wp-content\/uploads\/2016\/07\/11-Espetaculo-dancando-no-Ritmo-do-Rockn-Roll-a-Discoteca_dancando-no-ritmo_2007_pecas-graficas_folder-1080x1057.jpg 1080w, https:\/\/cartografiadadancadoacre.com.br\/wp-content\/uploads\/2016\/07\/11-Espetaculo-dancando-no-Ritmo-do-Rockn-Roll-a-Discoteca_dancando-no-ritmo_2007_pecas-graficas_folder.jpg 1771w\" sizes=\"(max-width: 1024px) 100vw, 1024px\" \/><\/a><\/p>\n<h1>LINKS<\/h1>\n<p>Em constru\u00e7\u00e3o.<\/p>\n<h1>MATERIAL NA IMPRENSA<\/h1>\n<p>Em constru\u00e7\u00e3o.<\/p>\n","protected":false},"excerpt":{"rendered":"<p>Escola de Dan\u00e7a Dan\u00e7ando no Ritmo SINOPSE O passado, sonhos, fantasiados, reflexos de uma vida feliz, marcas vivas em nossas lembran\u00e7as, ela reproduz cen\u00e1rios, traz para o nosso ambientem datas marcadas em calend\u00e1rios que apesar de desbotados sublima o amor de tempos marcados por: felicidade, rebeldia, bondade, amor, incertezas do amanh\u00e3 e o ardor de [&hellip;]<\/p>\n","protected":false},"author":1,"featured_media":0,"comment_status":"open","ping_status":"open","sticky":false,"template":"","format":"standard","meta":{"_et_pb_use_builder":"","_et_pb_old_content":"","_et_gb_content_width":"","footnotes":""},"categories":[2],"tags":[],"class_list":["post-1446","post","type-post","status-publish","format-standard","hentry","category-espetaculos"],"_links":{"self":[{"href":"https:\/\/cartografiadadancadoacre.com.br\/index.php?rest_route=\/wp\/v2\/posts\/1446","targetHints":{"allow":["GET"]}}],"collection":[{"href":"https:\/\/cartografiadadancadoacre.com.br\/index.php?rest_route=\/wp\/v2\/posts"}],"about":[{"href":"https:\/\/cartografiadadancadoacre.com.br\/index.php?rest_route=\/wp\/v2\/types\/post"}],"author":[{"embeddable":true,"href":"https:\/\/cartografiadadancadoacre.com.br\/index.php?rest_route=\/wp\/v2\/users\/1"}],"replies":[{"embeddable":true,"href":"https:\/\/cartografiadadancadoacre.com.br\/index.php?rest_route=%2Fwp%2Fv2%2Fcomments&post=1446"}],"version-history":[{"count":0,"href":"https:\/\/cartografiadadancadoacre.com.br\/index.php?rest_route=\/wp\/v2\/posts\/1446\/revisions"}],"wp:attachment":[{"href":"https:\/\/cartografiadadancadoacre.com.br\/index.php?rest_route=%2Fwp%2Fv2%2Fmedia&parent=1446"}],"wp:term":[{"taxonomy":"category","embeddable":true,"href":"https:\/\/cartografiadadancadoacre.com.br\/index.php?rest_route=%2Fwp%2Fv2%2Fcategories&post=1446"},{"taxonomy":"post_tag","embeddable":true,"href":"https:\/\/cartografiadadancadoacre.com.br\/index.php?rest_route=%2Fwp%2Fv2%2Ftags&post=1446"}],"curies":[{"name":"wp","href":"https:\/\/api.w.org\/{rel}","templated":true}]}}