{"id":1445,"date":"2016-07-20T21:02:38","date_gmt":"2016-07-20T21:02:38","guid":{"rendered":"http:\/\/cartografiadadancadoacre.com.br\/?p=1445"},"modified":"2017-12-03T20:15:20","modified_gmt":"2017-12-03T20:15:20","slug":"o-mundo-magico-de-peter-pan-2006","status":"publish","type":"post","link":"https:\/\/cartografiadadancadoacre.com.br\/?p=1445","title":{"rendered":"O Mundo M\u00e1gico de Peter Pan (2006)"},"content":{"rendered":"<p><a href=\"http:\/\/cartografiadadancadoacre.com.br\/?p=1338\">Escola de Dan\u00e7a Dan\u00e7ando no Ritmo<\/a><\/p>\n<hr \/>\n<h1>SINOPSE<\/h1>\n<p>\u201cImagine um mundo como voc\u00ea nunca viu, onde nunca temos que crescer ou envelhecer. Este \u00e9 o mundo m\u00e1gico, onde os ru\u00eddos das espadas de rivais lutando, ecoam sobre a terra do nunca.\u201d<\/p>\n<p>FONTE: Texto fornecido por Lilian Pinho (Escola de Dan\u00e7a Dan\u00e7ando no Ritmo)<\/p>\n<h1>FICHA T\u00c9CNICA<\/h1>\n<p>Dire\u00e7\u00e3o Geral, Coreografias e Ensaios: Lilian Pinho<br \/>\nProjeto: Lilian Pinho<br \/>\nAuxiliares: Angeane Mac\u00eado, L\u00edvia Teodoro, Camila Mubarac e Suellia Fabricio.<br \/>\nProdu\u00e7\u00e3o Musical: DJ. Wagner<br \/>\nIlumina\u00e7\u00e3o: Luis Carlos<br \/>\nSonoplasta: Paulo Henrique Ramalho<br \/>\nMaquinista: Jos\u00e9 Ricardo de Lima<br \/>\nIlumina\u00e7\u00e3o: Luiz Carlos<br \/>\nMarketing: Lilian Pinho<br \/>\nAssessoria de Dire\u00e7\u00e3o: V\u00e2nia Meireles, S\u00f4nia Virginia Vasconcelos, Michel Wirlle, Kelly Lima, Lara Diel, Suellia Fabricio, Sandra Teodoro.<br \/>\nDire\u00e7\u00e3o de Artes: Lilian Pinho<br \/>\nDesigner: Antonio Queiroz\/Emplak Gr\u00e1fica<br \/>\nFotolito e Impress\u00e3o: Emplak Gr\u00e1fica<br \/>\nCenografia e Cenot\u00e9cnica: R\u00f4mulo Mendes<br \/>\nFigurino: Edla Modesto, Lilian Pinho, Lara Diel e Suellia Fabricio<br \/>\nConfec\u00e7\u00e3o, Guarda-Roupa e Adere\u00e7os: Marta Silva, Cida Visu e Edlla Modesto<br \/>\nLocu\u00e7\u00e3o: Priscilla Queiroz<\/p>\n<h1>FOTO<\/h1>\n\n\t\t<style type=\"text\/css\">\n\t\t\t#gallery-1 {\n\t\t\t\tmargin: auto;\n\t\t\t}\n\t\t\t#gallery-1 .gallery-item {\n\t\t\t\tfloat: left;\n\t\t\t\tmargin-top: 10px;\n\t\t\t\ttext-align: center;\n\t\t\t\twidth: 25%;\n\t\t\t}\n\t\t\t#gallery-1 img {\n\t\t\t\tborder: 2px solid #cfcfcf;\n\t\t\t}\n\t\t\t#gallery-1 .gallery-caption {\n\t\t\t\tmargin-left: 0;\n\t\t\t}\n\t\t\t\/* see gallery_shortcode() in wp-includes\/media.php *\/\n\t\t<\/style>\n\t\t<div id='gallery-1' class='gallery galleryid-1445 gallery-columns-4 gallery-size-thumbnail'><dl class='gallery-item'>\n\t\t\t<dt class='gallery-icon landscape'>\n\t\t\t\t<a href='https:\/\/cartografiadadancadoacre.com.br\/wp-content\/uploads\/2016\/07\/10-Espetaculo-O-mundo-Magico-de-Peter-Pan_Dancando-no-ritmo_2006_foto-1.jpg'><img loading=\"lazy\" decoding=\"async\" width=\"150\" height=\"150\" src=\"https:\/\/cartografiadadancadoacre.com.br\/wp-content\/uploads\/2016\/07\/10-Espetaculo-O-mundo-Magico-de-Peter-Pan_Dancando-no-ritmo_2006_foto-1-150x150.jpg\" class=\"attachment-thumbnail size-thumbnail\" alt=\"\" \/><\/a>\n\t\t\t<\/dt><\/dl><dl class='gallery-item'>\n\t\t\t<dt class='gallery-icon landscape'>\n\t\t\t\t<a href='https:\/\/cartografiadadancadoacre.com.br\/wp-content\/uploads\/2016\/07\/10-Espetaculo-O-mundo-Magico-de-Peter-Pan_Dancando-no-ritmo_2006_foto-2.jpg'><img loading=\"lazy\" decoding=\"async\" width=\"150\" height=\"150\" src=\"https:\/\/cartografiadadancadoacre.com.br\/wp-content\/uploads\/2016\/07\/10-Espetaculo-O-mundo-Magico-de-Peter-Pan_Dancando-no-ritmo_2006_foto-2-150x150.jpg\" class=\"attachment-thumbnail size-thumbnail\" alt=\"\" \/><\/a>\n\t\t\t<\/dt><\/dl><dl class='gallery-item'>\n\t\t\t<dt class='gallery-icon landscape'>\n\t\t\t\t<a href='https:\/\/cartografiadadancadoacre.com.br\/wp-content\/uploads\/2016\/07\/10-Espetaculo-O-mundo-Magico-de-Peter-Pan_Dancando-no-ritmo_2006_foto-3.jpg'><img loading=\"lazy\" decoding=\"async\" width=\"150\" height=\"150\" src=\"https:\/\/cartografiadadancadoacre.com.br\/wp-content\/uploads\/2016\/07\/10-Espetaculo-O-mundo-Magico-de-Peter-Pan_Dancando-no-ritmo_2006_foto-3-150x150.jpg\" class=\"attachment-thumbnail size-thumbnail\" alt=\"\" \/><\/a>\n\t\t\t<\/dt><\/dl><dl class='gallery-item'>\n\t\t\t<dt class='gallery-icon landscape'>\n\t\t\t\t<a href='https:\/\/cartografiadadancadoacre.com.br\/wp-content\/uploads\/2016\/07\/10-Espetaculo-O-mundo-Magico-de-Peter-Pan_Dancando-no-ritmo_2006_foto-4.jpg'><img loading=\"lazy\" decoding=\"async\" width=\"150\" height=\"150\" src=\"https:\/\/cartografiadadancadoacre.com.br\/wp-content\/uploads\/2016\/07\/10-Espetaculo-O-mundo-Magico-de-Peter-Pan_Dancando-no-ritmo_2006_foto-4-150x150.jpg\" class=\"attachment-thumbnail size-thumbnail\" alt=\"\" \/><\/a>\n\t\t\t<\/dt><\/dl><br style=\"clear: both\" \/><dl class='gallery-item'>\n\t\t\t<dt class='gallery-icon landscape'>\n\t\t\t\t<a href='https:\/\/cartografiadadancadoacre.com.br\/wp-content\/uploads\/2016\/07\/10-Espetaculo-O-mundo-Magico-de-Peter-Pan_Dancando-no-ritmo_2006_foto-7.jpg'><img loading=\"lazy\" decoding=\"async\" width=\"150\" height=\"150\" src=\"https:\/\/cartografiadadancadoacre.com.br\/wp-content\/uploads\/2016\/07\/10-Espetaculo-O-mundo-Magico-de-Peter-Pan_Dancando-no-ritmo_2006_foto-7-150x150.jpg\" class=\"attachment-thumbnail size-thumbnail\" alt=\"\" \/><\/a>\n\t\t\t<\/dt><\/dl><dl class='gallery-item'>\n\t\t\t<dt class='gallery-icon landscape'>\n\t\t\t\t<a href='https:\/\/cartografiadadancadoacre.com.br\/wp-content\/uploads\/2016\/07\/10-Espetaculo-O-mundo-Magico-de-Peter-Pan_Dancando-no-ritmo_2006_foto-8.jpg'><img loading=\"lazy\" decoding=\"async\" width=\"150\" height=\"150\" src=\"https:\/\/cartografiadadancadoacre.com.br\/wp-content\/uploads\/2016\/07\/10-Espetaculo-O-mundo-Magico-de-Peter-Pan_Dancando-no-ritmo_2006_foto-8-150x150.jpg\" class=\"attachment-thumbnail size-thumbnail\" alt=\"\" \/><\/a>\n\t\t\t<\/dt><\/dl><dl class='gallery-item'>\n\t\t\t<dt class='gallery-icon landscape'>\n\t\t\t\t<a href='https:\/\/cartografiadadancadoacre.com.br\/wp-content\/uploads\/2016\/07\/10-Espetaculo-O-mundo-Magico-de-Peter-Pan_Dancando-no-ritmo_2006_foto-9.jpg'><img loading=\"lazy\" decoding=\"async\" width=\"150\" height=\"150\" src=\"https:\/\/cartografiadadancadoacre.com.br\/wp-content\/uploads\/2016\/07\/10-Espetaculo-O-mundo-Magico-de-Peter-Pan_Dancando-no-ritmo_2006_foto-9-150x150.jpg\" class=\"attachment-thumbnail size-thumbnail\" alt=\"\" \/><\/a>\n\t\t\t<\/dt><\/dl><dl class='gallery-item'>\n\t\t\t<dt class='gallery-icon landscape'>\n\t\t\t\t<a href='https:\/\/cartografiadadancadoacre.com.br\/wp-content\/uploads\/2016\/07\/10-Espetaculo-O-mundo-Magico-de-Peter-Pan_Dancando-no-ritmo_2006_foto-10.jpg'><img loading=\"lazy\" decoding=\"async\" width=\"150\" height=\"150\" src=\"https:\/\/cartografiadadancadoacre.com.br\/wp-content\/uploads\/2016\/07\/10-Espetaculo-O-mundo-Magico-de-Peter-Pan_Dancando-no-ritmo_2006_foto-10-150x150.jpg\" class=\"attachment-thumbnail size-thumbnail\" alt=\"\" \/><\/a>\n\t\t\t<\/dt><\/dl><br style=\"clear: both\" \/><dl class='gallery-item'>\n\t\t\t<dt class='gallery-icon landscape'>\n\t\t\t\t<a href='https:\/\/cartografiadadancadoacre.com.br\/wp-content\/uploads\/2016\/07\/10-Espetaculo-O-mundo-Magico-de-Peter-Pan_Dancando-no-ritmo_2006_foto-11.jpg'><img loading=\"lazy\" decoding=\"async\" width=\"150\" height=\"150\" src=\"https:\/\/cartografiadadancadoacre.com.br\/wp-content\/uploads\/2016\/07\/10-Espetaculo-O-mundo-Magico-de-Peter-Pan_Dancando-no-ritmo_2006_foto-11-150x150.jpg\" class=\"attachment-thumbnail size-thumbnail\" alt=\"\" \/><\/a>\n\t\t\t<\/dt><\/dl><dl class='gallery-item'>\n\t\t\t<dt class='gallery-icon landscape'>\n\t\t\t\t<a href='https:\/\/cartografiadadancadoacre.com.br\/wp-content\/uploads\/2016\/07\/10-Espetaculo-O-mundo-Magico-de-Peter-Pan_Dancando-no-ritmo_2006_foto-12.jpg'><img loading=\"lazy\" decoding=\"async\" width=\"150\" height=\"150\" src=\"https:\/\/cartografiadadancadoacre.com.br\/wp-content\/uploads\/2016\/07\/10-Espetaculo-O-mundo-Magico-de-Peter-Pan_Dancando-no-ritmo_2006_foto-12-150x150.jpg\" class=\"attachment-thumbnail size-thumbnail\" alt=\"\" \/><\/a>\n\t\t\t<\/dt><\/dl><dl class='gallery-item'>\n\t\t\t<dt class='gallery-icon landscape'>\n\t\t\t\t<a href='https:\/\/cartografiadadancadoacre.com.br\/wp-content\/uploads\/2016\/07\/10-Espetaculo-O-mundo-Magico-de-Peter-Pan_Dancando-no-ritmo_2006_foto-13.jpg'><img loading=\"lazy\" decoding=\"async\" width=\"150\" height=\"150\" src=\"https:\/\/cartografiadadancadoacre.com.br\/wp-content\/uploads\/2016\/07\/10-Espetaculo-O-mundo-Magico-de-Peter-Pan_Dancando-no-ritmo_2006_foto-13-150x150.jpg\" class=\"attachment-thumbnail size-thumbnail\" alt=\"\" \/><\/a>\n\t\t\t<\/dt><\/dl><dl class='gallery-item'>\n\t\t\t<dt class='gallery-icon landscape'>\n\t\t\t\t<a href='https:\/\/cartografiadadancadoacre.com.br\/wp-content\/uploads\/2016\/07\/10-Espetaculo-O-mundo-Magico-de-Peter-Pan_Dancando-no-ritmo_2006_foto-14.jpg'><img loading=\"lazy\" decoding=\"async\" width=\"150\" height=\"150\" src=\"https:\/\/cartografiadadancadoacre.com.br\/wp-content\/uploads\/2016\/07\/10-Espetaculo-O-mundo-Magico-de-Peter-Pan_Dancando-no-ritmo_2006_foto-14-150x150.jpg\" class=\"attachment-thumbnail size-thumbnail\" alt=\"\" \/><\/a>\n\t\t\t<\/dt><\/dl><br style=\"clear: both\" \/><dl class='gallery-item'>\n\t\t\t<dt class='gallery-icon landscape'>\n\t\t\t\t<a href='https:\/\/cartografiadadancadoacre.com.br\/wp-content\/uploads\/2016\/07\/10-Espetaculo-O-mundo-Magico-de-Peter-Pan_Dancando-no-ritmo_2006_foto-15.jpg'><img loading=\"lazy\" decoding=\"async\" width=\"150\" height=\"150\" src=\"https:\/\/cartografiadadancadoacre.com.br\/wp-content\/uploads\/2016\/07\/10-Espetaculo-O-mundo-Magico-de-Peter-Pan_Dancando-no-ritmo_2006_foto-15-150x150.jpg\" class=\"attachment-thumbnail size-thumbnail\" alt=\"\" \/><\/a>\n\t\t\t<\/dt><\/dl><dl class='gallery-item'>\n\t\t\t<dt class='gallery-icon landscape'>\n\t\t\t\t<a href='https:\/\/cartografiadadancadoacre.com.br\/wp-content\/uploads\/2016\/07\/10-Espetaculo-O-mundo-Magico-de-Peter-Pan_Dancando-no-ritmo_2006_foto-16.jpg'><img loading=\"lazy\" decoding=\"async\" width=\"150\" height=\"150\" src=\"https:\/\/cartografiadadancadoacre.com.br\/wp-content\/uploads\/2016\/07\/10-Espetaculo-O-mundo-Magico-de-Peter-Pan_Dancando-no-ritmo_2006_foto-16-150x150.jpg\" class=\"attachment-thumbnail size-thumbnail\" alt=\"\" \/><\/a>\n\t\t\t<\/dt><\/dl><dl class='gallery-item'>\n\t\t\t<dt class='gallery-icon landscape'>\n\t\t\t\t<a href='https:\/\/cartografiadadancadoacre.com.br\/wp-content\/uploads\/2016\/07\/10-Espetaculo-O-mundo-Magico-de-Peter-Pan_Dancando-no-ritmo_2006_foto-17.jpg'><img loading=\"lazy\" decoding=\"async\" width=\"150\" height=\"150\" src=\"https:\/\/cartografiadadancadoacre.com.br\/wp-content\/uploads\/2016\/07\/10-Espetaculo-O-mundo-Magico-de-Peter-Pan_Dancando-no-ritmo_2006_foto-17-150x150.jpg\" class=\"attachment-thumbnail size-thumbnail\" alt=\"\" \/><\/a>\n\t\t\t<\/dt><\/dl><dl class='gallery-item'>\n\t\t\t<dt class='gallery-icon landscape'>\n\t\t\t\t<a href='https:\/\/cartografiadadancadoacre.com.br\/wp-content\/uploads\/2016\/07\/10-Espetaculo-O-mundo-Magico-de-Peter-Pan_Dancando-no-ritmo_2006_foto-18.jpg'><img loading=\"lazy\" decoding=\"async\" width=\"150\" height=\"150\" src=\"https:\/\/cartografiadadancadoacre.com.br\/wp-content\/uploads\/2016\/07\/10-Espetaculo-O-mundo-Magico-de-Peter-Pan_Dancando-no-ritmo_2006_foto-18-150x150.jpg\" class=\"attachment-thumbnail size-thumbnail\" alt=\"\" \/><\/a>\n\t\t\t<\/dt><\/dl><br style=\"clear: both\" \/><dl class='gallery-item'>\n\t\t\t<dt class='gallery-icon landscape'>\n\t\t\t\t<a href='https:\/\/cartografiadadancadoacre.com.br\/wp-content\/uploads\/2016\/07\/10-Espetaculo-O-mundo-Magico-de-Peter-Pan_Dancando-no-ritmo_2006_foto-19.jpg'><img loading=\"lazy\" decoding=\"async\" width=\"150\" height=\"150\" src=\"https:\/\/cartografiadadancadoacre.com.br\/wp-content\/uploads\/2016\/07\/10-Espetaculo-O-mundo-Magico-de-Peter-Pan_Dancando-no-ritmo_2006_foto-19-150x150.jpg\" class=\"attachment-thumbnail size-thumbnail\" alt=\"\" \/><\/a>\n\t\t\t<\/dt><\/dl><dl class='gallery-item'>\n\t\t\t<dt class='gallery-icon landscape'>\n\t\t\t\t<a href='https:\/\/cartografiadadancadoacre.com.br\/wp-content\/uploads\/2016\/07\/10-Espetaculo-O-mundo-Magico-de-Peter-Pan_Dancando-no-ritmo_2006_foto-20.jpg'><img loading=\"lazy\" decoding=\"async\" width=\"150\" height=\"150\" src=\"https:\/\/cartografiadadancadoacre.com.br\/wp-content\/uploads\/2016\/07\/10-Espetaculo-O-mundo-Magico-de-Peter-Pan_Dancando-no-ritmo_2006_foto-20-150x150.jpg\" class=\"attachment-thumbnail size-thumbnail\" alt=\"\" \/><\/a>\n\t\t\t<\/dt><\/dl><dl class='gallery-item'>\n\t\t\t<dt class='gallery-icon landscape'>\n\t\t\t\t<a href='https:\/\/cartografiadadancadoacre.com.br\/wp-content\/uploads\/2016\/07\/10-Espetaculo-O-mundo-Magico-de-Peter-Pan_Dancando-no-ritmo_2006_foto-21.jpg'><img loading=\"lazy\" decoding=\"async\" width=\"150\" height=\"150\" src=\"https:\/\/cartografiadadancadoacre.com.br\/wp-content\/uploads\/2016\/07\/10-Espetaculo-O-mundo-Magico-de-Peter-Pan_Dancando-no-ritmo_2006_foto-21-150x150.jpg\" class=\"attachment-thumbnail size-thumbnail\" alt=\"\" \/><\/a>\n\t\t\t<\/dt><\/dl><dl class='gallery-item'>\n\t\t\t<dt class='gallery-icon landscape'>\n\t\t\t\t<a href='https:\/\/cartografiadadancadoacre.com.br\/wp-content\/uploads\/2016\/07\/10-Espetaculo-O-mundo-Magico-de-Peter-Pan_Dancando-no-ritmo_2006_foto-22.jpg'><img loading=\"lazy\" decoding=\"async\" width=\"150\" height=\"150\" src=\"https:\/\/cartografiadadancadoacre.com.br\/wp-content\/uploads\/2016\/07\/10-Espetaculo-O-mundo-Magico-de-Peter-Pan_Dancando-no-ritmo_2006_foto-22-150x150.jpg\" class=\"attachment-thumbnail size-thumbnail\" alt=\"\" \/><\/a>\n\t\t\t<\/dt><\/dl><br style=\"clear: both\" \/><dl class='gallery-item'>\n\t\t\t<dt class='gallery-icon landscape'>\n\t\t\t\t<a href='https:\/\/cartografiadadancadoacre.com.br\/wp-content\/uploads\/2016\/07\/10-Espetaculo-O-mundo-Magico-de-Peter-Pan_Dancando-no-ritmo_2006_foto-23.jpg'><img loading=\"lazy\" decoding=\"async\" width=\"150\" height=\"150\" src=\"https:\/\/cartografiadadancadoacre.com.br\/wp-content\/uploads\/2016\/07\/10-Espetaculo-O-mundo-Magico-de-Peter-Pan_Dancando-no-ritmo_2006_foto-23-150x150.jpg\" class=\"attachment-thumbnail size-thumbnail\" alt=\"\" \/><\/a>\n\t\t\t<\/dt><\/dl><dl class='gallery-item'>\n\t\t\t<dt class='gallery-icon landscape'>\n\t\t\t\t<a href='https:\/\/cartografiadadancadoacre.com.br\/wp-content\/uploads\/2016\/07\/10-Espetaculo-O-mundo-Magico-de-Peter-Pan_Dancando-no-ritmo_2006_foto-24.jpg'><img loading=\"lazy\" decoding=\"async\" width=\"150\" height=\"150\" src=\"https:\/\/cartografiadadancadoacre.com.br\/wp-content\/uploads\/2016\/07\/10-Espetaculo-O-mundo-Magico-de-Peter-Pan_Dancando-no-ritmo_2006_foto-24-150x150.jpg\" class=\"attachment-thumbnail size-thumbnail\" alt=\"\" \/><\/a>\n\t\t\t<\/dt><\/dl><dl class='gallery-item'>\n\t\t\t<dt class='gallery-icon landscape'>\n\t\t\t\t<a href='https:\/\/cartografiadadancadoacre.com.br\/wp-content\/uploads\/2016\/07\/10-Espetaculo-O-mundo-Magico-de-Peter-Pan_Dancando-no-ritmo_2006_foto-25.jpg'><img loading=\"lazy\" decoding=\"async\" width=\"150\" height=\"150\" src=\"https:\/\/cartografiadadancadoacre.com.br\/wp-content\/uploads\/2016\/07\/10-Espetaculo-O-mundo-Magico-de-Peter-Pan_Dancando-no-ritmo_2006_foto-25-150x150.jpg\" class=\"attachment-thumbnail size-thumbnail\" alt=\"\" \/><\/a>\n\t\t\t<\/dt><\/dl><dl class='gallery-item'>\n\t\t\t<dt class='gallery-icon landscape'>\n\t\t\t\t<a href='https:\/\/cartografiadadancadoacre.com.br\/wp-content\/uploads\/2016\/07\/10-Espetaculo-O-mundo-Magico-de-Peter-Pan_Dancando-no-ritmo_2006_foto-26.jpg'><img loading=\"lazy\" decoding=\"async\" width=\"150\" height=\"150\" src=\"https:\/\/cartografiadadancadoacre.com.br\/wp-content\/uploads\/2016\/07\/10-Espetaculo-O-mundo-Magico-de-Peter-Pan_Dancando-no-ritmo_2006_foto-26-150x150.jpg\" class=\"attachment-thumbnail size-thumbnail\" alt=\"\" \/><\/a>\n\t\t\t<\/dt><\/dl><br style=\"clear: both\" \/><dl class='gallery-item'>\n\t\t\t<dt class='gallery-icon landscape'>\n\t\t\t\t<a href='https:\/\/cartografiadadancadoacre.com.br\/wp-content\/uploads\/2016\/07\/10-Espetaculo-O-mundo-Magico-de-Peter-Pan_Dancando-no-ritmo_2006_foto-27.jpg'><img loading=\"lazy\" decoding=\"async\" width=\"150\" height=\"150\" src=\"https:\/\/cartografiadadancadoacre.com.br\/wp-content\/uploads\/2016\/07\/10-Espetaculo-O-mundo-Magico-de-Peter-Pan_Dancando-no-ritmo_2006_foto-27-150x150.jpg\" class=\"attachment-thumbnail size-thumbnail\" alt=\"\" \/><\/a>\n\t\t\t<\/dt><\/dl>\n\t\t\t<br style='clear: both' \/>\n\t\t<\/div>\n\n<p style=\"text-align: center;\"><span id=\"m_811253596397404154yui_3_16_0_ym19_1_1503607540178_18452\">OBS: Todas as fotos foram doadas por artistas da cidade ao acervo.<\/span>\u00a0Caso reconhe\u00e7a o autor de alguma dessas fotos, por favor, entre em contato conosco, pois \u00e9 nosso interesse registrar e resguardar os direitos dos profissionais.<\/p>\n<h1>V\u00cdDEOS<\/h1>\n<p>Em constru\u00e7\u00e3o<\/p>\n<h1>PE\u00c7AS GR\u00c1FICAS<\/h1>\n<p><a href=\"http:\/\/cartografiadadancadoacre.com.br\/wp-content\/uploads\/2016\/07\/10-Espetaculo-O-mundo-Magico-de-Peter-Pan_Dancando-no-ritmo_2006_pecas-graficas_cartaz.jpg\" rel=\"attachment wp-att-1545\"><img loading=\"lazy\" decoding=\"async\" class=\"alignnone wp-image-1545 size-medium\" src=\"http:\/\/cartografiadadancadoacre.com.br\/wp-content\/uploads\/2016\/07\/10-Espetaculo-O-mundo-Magico-de-Peter-Pan_Dancando-no-ritmo_2006_pecas-graficas_cartaz-196x300.jpg\" alt=\"10 Espetaculo O mundo Magico de Peter Pan_Dancando no ritmo_2006_pecas graficas_cartaz\" width=\"196\" height=\"300\" srcset=\"https:\/\/cartografiadadancadoacre.com.br\/wp-content\/uploads\/2016\/07\/10-Espetaculo-O-mundo-Magico-de-Peter-Pan_Dancando-no-ritmo_2006_pecas-graficas_cartaz-196x300.jpg 196w, https:\/\/cartografiadadancadoacre.com.br\/wp-content\/uploads\/2016\/07\/10-Espetaculo-O-mundo-Magico-de-Peter-Pan_Dancando-no-ritmo_2006_pecas-graficas_cartaz-768x1174.jpg 768w, https:\/\/cartografiadadancadoacre.com.br\/wp-content\/uploads\/2016\/07\/10-Espetaculo-O-mundo-Magico-de-Peter-Pan_Dancando-no-ritmo_2006_pecas-graficas_cartaz-670x1024.jpg 670w, https:\/\/cartografiadadancadoacre.com.br\/wp-content\/uploads\/2016\/07\/10-Espetaculo-O-mundo-Magico-de-Peter-Pan_Dancando-no-ritmo_2006_pecas-graficas_cartaz-1080x1652.jpg 1080w, https:\/\/cartografiadadancadoacre.com.br\/wp-content\/uploads\/2016\/07\/10-Espetaculo-O-mundo-Magico-de-Peter-Pan_Dancando-no-ritmo_2006_pecas-graficas_cartaz.jpg 1523w\" sizes=\"(max-width: 196px) 100vw, 196px\" \/><\/a> <a href=\"http:\/\/cartografiadadancadoacre.com.br\/wp-content\/uploads\/2016\/07\/10-Espetaculo-O-mundo-Magico-de-Peter-Pan_Dancando-no-ritmo_2006_pecas-graficas_folder.jpg\" rel=\"attachment wp-att-1546\"><img loading=\"lazy\" decoding=\"async\" class=\"alignnone size-large wp-image-1546\" src=\"http:\/\/cartografiadadancadoacre.com.br\/wp-content\/uploads\/2016\/07\/10-Espetaculo-O-mundo-Magico-de-Peter-Pan_Dancando-no-ritmo_2006_pecas-graficas_folder-1024x1003.jpg\" alt=\"10 Espetaculo O mundo Magico de Peter Pan_Dancando no ritmo_2006_pecas graficas_folder\" width=\"1024\" height=\"1003\" srcset=\"https:\/\/cartografiadadancadoacre.com.br\/wp-content\/uploads\/2016\/07\/10-Espetaculo-O-mundo-Magico-de-Peter-Pan_Dancando-no-ritmo_2006_pecas-graficas_folder-1024x1003.jpg 1024w, https:\/\/cartografiadadancadoacre.com.br\/wp-content\/uploads\/2016\/07\/10-Espetaculo-O-mundo-Magico-de-Peter-Pan_Dancando-no-ritmo_2006_pecas-graficas_folder-300x294.jpg 300w, https:\/\/cartografiadadancadoacre.com.br\/wp-content\/uploads\/2016\/07\/10-Espetaculo-O-mundo-Magico-de-Peter-Pan_Dancando-no-ritmo_2006_pecas-graficas_folder-768x752.jpg 768w, https:\/\/cartografiadadancadoacre.com.br\/wp-content\/uploads\/2016\/07\/10-Espetaculo-O-mundo-Magico-de-Peter-Pan_Dancando-no-ritmo_2006_pecas-graficas_folder-1080x1058.jpg 1080w, https:\/\/cartografiadadancadoacre.com.br\/wp-content\/uploads\/2016\/07\/10-Espetaculo-O-mundo-Magico-de-Peter-Pan_Dancando-no-ritmo_2006_pecas-graficas_folder.jpg 1496w\" sizes=\"(max-width: 1024px) 100vw, 1024px\" \/><\/a> <a href=\"http:\/\/cartografiadadancadoacre.com.br\/wp-content\/uploads\/2016\/07\/10-Espetaculo-O-mundo-Magico-de-Peter-Pan_Dancando-no-ritmo_2006_pecas-graficas_ingresso.jpg\" rel=\"attachment wp-att-1547\"><img loading=\"lazy\" decoding=\"async\" class=\"alignnone wp-image-1547 size-medium\" src=\"http:\/\/cartografiadadancadoacre.com.br\/wp-content\/uploads\/2016\/07\/10-Espetaculo-O-mundo-Magico-de-Peter-Pan_Dancando-no-ritmo_2006_pecas-graficas_ingresso-176x300.jpg\" alt=\"10 Espetaculo O mundo Magico de Peter Pan_Dancando no ritmo_2006_pecas graficas_ingresso\" width=\"176\" height=\"300\" srcset=\"https:\/\/cartografiadadancadoacre.com.br\/wp-content\/uploads\/2016\/07\/10-Espetaculo-O-mundo-Magico-de-Peter-Pan_Dancando-no-ritmo_2006_pecas-graficas_ingresso-176x300.jpg 176w, https:\/\/cartografiadadancadoacre.com.br\/wp-content\/uploads\/2016\/07\/10-Espetaculo-O-mundo-Magico-de-Peter-Pan_Dancando-no-ritmo_2006_pecas-graficas_ingresso-768x1312.jpg 768w, https:\/\/cartografiadadancadoacre.com.br\/wp-content\/uploads\/2016\/07\/10-Espetaculo-O-mundo-Magico-de-Peter-Pan_Dancando-no-ritmo_2006_pecas-graficas_ingresso-599x1024.jpg 599w, https:\/\/cartografiadadancadoacre.com.br\/wp-content\/uploads\/2016\/07\/10-Espetaculo-O-mundo-Magico-de-Peter-Pan_Dancando-no-ritmo_2006_pecas-graficas_ingresso-1080x1846.jpg 1080w, https:\/\/cartografiadadancadoacre.com.br\/wp-content\/uploads\/2016\/07\/10-Espetaculo-O-mundo-Magico-de-Peter-Pan_Dancando-no-ritmo_2006_pecas-graficas_ingresso.jpg 1525w\" sizes=\"(max-width: 176px) 100vw, 176px\" \/><\/a><\/p>\n<h1>LINKS<\/h1>\n<p>Em constru\u00e7\u00e3o.<\/p>\n<h1>MATERIAL NA IMPRENSA<\/h1>\n<p>Em constru\u00e7\u00e3o.<\/p>\n","protected":false},"excerpt":{"rendered":"<p>Escola de Dan\u00e7a Dan\u00e7ando no Ritmo SINOPSE \u201cImagine um mundo como voc\u00ea nunca viu, onde nunca temos que crescer ou envelhecer. Este \u00e9 o mundo m\u00e1gico, onde os ru\u00eddos das espadas de rivais lutando, ecoam sobre a terra do nunca.\u201d FONTE: Texto fornecido por Lilian Pinho (Escola de Dan\u00e7a Dan\u00e7ando no Ritmo) FICHA T\u00c9CNICA Dire\u00e7\u00e3o [&hellip;]<\/p>\n","protected":false},"author":1,"featured_media":0,"comment_status":"open","ping_status":"open","sticky":false,"template":"","format":"standard","meta":{"_et_pb_use_builder":"","_et_pb_old_content":"","_et_gb_content_width":"","footnotes":""},"categories":[2],"tags":[],"class_list":["post-1445","post","type-post","status-publish","format-standard","hentry","category-espetaculos"],"_links":{"self":[{"href":"https:\/\/cartografiadadancadoacre.com.br\/index.php?rest_route=\/wp\/v2\/posts\/1445","targetHints":{"allow":["GET"]}}],"collection":[{"href":"https:\/\/cartografiadadancadoacre.com.br\/index.php?rest_route=\/wp\/v2\/posts"}],"about":[{"href":"https:\/\/cartografiadadancadoacre.com.br\/index.php?rest_route=\/wp\/v2\/types\/post"}],"author":[{"embeddable":true,"href":"https:\/\/cartografiadadancadoacre.com.br\/index.php?rest_route=\/wp\/v2\/users\/1"}],"replies":[{"embeddable":true,"href":"https:\/\/cartografiadadancadoacre.com.br\/index.php?rest_route=%2Fwp%2Fv2%2Fcomments&post=1445"}],"version-history":[{"count":0,"href":"https:\/\/cartografiadadancadoacre.com.br\/index.php?rest_route=\/wp\/v2\/posts\/1445\/revisions"}],"wp:attachment":[{"href":"https:\/\/cartografiadadancadoacre.com.br\/index.php?rest_route=%2Fwp%2Fv2%2Fmedia&parent=1445"}],"wp:term":[{"taxonomy":"category","embeddable":true,"href":"https:\/\/cartografiadadancadoacre.com.br\/index.php?rest_route=%2Fwp%2Fv2%2Fcategories&post=1445"},{"taxonomy":"post_tag","embeddable":true,"href":"https:\/\/cartografiadadancadoacre.com.br\/index.php?rest_route=%2Fwp%2Fv2%2Ftags&post=1445"}],"curies":[{"name":"wp","href":"https:\/\/api.w.org\/{rel}","templated":true}]}}