{"id":1428,"date":"2016-07-20T20:02:17","date_gmt":"2016-07-20T20:02:17","guid":{"rendered":"http:\/\/cartografiadadancadoacre.com.br\/?p=1428"},"modified":"2017-09-14T05:59:28","modified_gmt":"2017-09-14T05:59:28","slug":"vitoria-regia-2003","status":"publish","type":"post","link":"https:\/\/cartografiadadancadoacre.com.br\/?p=1428","title":{"rendered":"Vit\u00f3ria Regia (2003)"},"content":{"rendered":"<p><a href=\"http:\/\/cartografiadadancadoacre.com.br\/?p=1338\">Escola de Dan\u00e7a Dan\u00e7ando no Ritmo<\/a><\/p>\n<hr \/>\n<h1>SINOPSE<\/h1>\n<p>A Amaz\u00f4nia enfeiti\u00e7a e encanta a todos com suas lendas, que tem origem na cultura ind\u00edgena, muitas delas tornaram-se famosas e ganharam fronteiras. Vit\u00f3ria R\u00e9gia faz parte desta fantasia lend\u00e1ria.<\/p>\n<p>FONTE: Texto fornecido por Lilian Pinho (Escola de Dan\u00e7a Dan\u00e7ando no Ritmo)<\/p>\n<h1>FICHA T\u00c9CNICA<\/h1>\n<p>Dire\u00e7\u00e3o Geral: Lilian Pinho e Lina Andrade<br \/>\nCoreografias: Lilian Pinho e Lina Andrade<br \/>\nEnsaios: Lilian Pinho e Lina Andrade<br \/>\nProjeto: Lilian Pinho e Lina Andrade<br \/>\nInstrutoras: Angeane Mac\u00eado, L\u00edvia Teodoro e Vanessa Mendes<br \/>\nProdu\u00e7\u00e3o Musical: DJ. Wagner<br \/>\nIlumina\u00e7\u00e3o: Luis Carlos<br \/>\nSonoplasta: Wagner<br \/>\nAssessoria de Marketing: Lilian Pinho e Lina Andrade<br \/>\nAssessoria de Dire\u00e7\u00e3o: Kelly Cristina S. Lima, S\u00f4nia Virginia Vasconcelos e Esmeralda Barbosa<br \/>\nProdu\u00e7\u00e3o Gr\u00e1fica: RG Comunica\u00e7\u00f5es e Marketing<br \/>\nFotolitos e Impress\u00e3o: Emplak Gr\u00e1fica \u2013 223-7779<br \/>\nFigurinos: Marise Pontes Soares<br \/>\nConfec\u00e7\u00e3o (guarda-roupa): Marise Pontes, Cida Visu, Marta Silva Amorim.<br \/>\nCenografia: Rubens Ara\u00fajo.<br \/>\nCenot\u00e9cnico: RG Produ\u00e7\u00f5es<br \/>\nApoio: Funda\u00e7\u00e3o Garibaldi Brasil, Funda\u00e7\u00e3o Elias Mansour, Jornal A Gazeta, TV e Jornal O Rio Branco, Casa D\u2019Arte<\/p>\n<h1>FOTO<\/h1>\n\n\t\t<style type=\"text\/css\">\n\t\t\t#gallery-1 {\n\t\t\t\tmargin: auto;\n\t\t\t}\n\t\t\t#gallery-1 .gallery-item {\n\t\t\t\tfloat: left;\n\t\t\t\tmargin-top: 10px;\n\t\t\t\ttext-align: center;\n\t\t\t\twidth: 25%;\n\t\t\t}\n\t\t\t#gallery-1 img {\n\t\t\t\tborder: 2px solid #cfcfcf;\n\t\t\t}\n\t\t\t#gallery-1 .gallery-caption {\n\t\t\t\tmargin-left: 0;\n\t\t\t}\n\t\t\t\/* see gallery_shortcode() in wp-includes\/media.php *\/\n\t\t<\/style>\n\t\t<div id='gallery-1' class='gallery galleryid-1428 gallery-columns-4 gallery-size-thumbnail'><dl class='gallery-item'>\n\t\t\t<dt class='gallery-icon portrait'>\n\t\t\t\t<a href='https:\/\/cartografiadadancadoacre.com.br\/wp-content\/uploads\/2016\/07\/7-Espetaculo-Vitoria-Regia_Dancando-no-ritmo_2003_foto_maquiagem.jpg'><img loading=\"lazy\" decoding=\"async\" width=\"150\" height=\"150\" src=\"https:\/\/cartografiadadancadoacre.com.br\/wp-content\/uploads\/2016\/07\/7-Espetaculo-Vitoria-Regia_Dancando-no-ritmo_2003_foto_maquiagem-150x150.jpg\" class=\"attachment-thumbnail size-thumbnail\" alt=\"\" \/><\/a>\n\t\t\t<\/dt><\/dl>\n\t\t\t<br style='clear: both' \/>\n\t\t<\/div>\n\n<p style=\"text-align: center;\"><span id=\"m_-521947425560949534yui_3_16_0_ym19_1_1503607540178_18452\">OBS: Todas as fotos foram doadas por artistas da cidade ao acervo.<\/span>\u00a0Caso reconhe\u00e7a o autor de alguma dessas fotos, por favor, entre em contato conosco, pois \u00e9 nosso interesse registrar e resguardar os direitos dos profissionais.<\/p>\n<h1>V\u00cdDEOS<\/h1>\n<p>Em constru\u00e7\u00e3o<\/p>\n<h1>PE\u00c7AS GR\u00c1FICAS<\/h1>\n<p><a href=\"http:\/\/cartografiadadancadoacre.com.br\/wp-content\/uploads\/2016\/07\/7-Espetaculo-Vitoria-Regia_Dancando-no-ritmo_2003_pecas-graficas-3.jpg\" rel=\"attachment wp-att-1430\"><img loading=\"lazy\" decoding=\"async\" class=\"alignnone size-medium wp-image-1430\" src=\"http:\/\/cartografiadadancadoacre.com.br\/wp-content\/uploads\/2016\/07\/7-Espetaculo-Vitoria-Regia_Dancando-no-ritmo_2003_pecas-graficas-3-223x300.jpg\" alt=\"7 Espetaculo Vitoria Regia_Dancando no ritmo_2003_pecas graficas (3)\" width=\"223\" height=\"300\" srcset=\"https:\/\/cartografiadadancadoacre.com.br\/wp-content\/uploads\/2016\/07\/7-Espetaculo-Vitoria-Regia_Dancando-no-ritmo_2003_pecas-graficas-3-223x300.jpg 223w, https:\/\/cartografiadadancadoacre.com.br\/wp-content\/uploads\/2016\/07\/7-Espetaculo-Vitoria-Regia_Dancando-no-ritmo_2003_pecas-graficas-3-768x1032.jpg 768w, https:\/\/cartografiadadancadoacre.com.br\/wp-content\/uploads\/2016\/07\/7-Espetaculo-Vitoria-Regia_Dancando-no-ritmo_2003_pecas-graficas-3-762x1024.jpg 762w, https:\/\/cartografiadadancadoacre.com.br\/wp-content\/uploads\/2016\/07\/7-Espetaculo-Vitoria-Regia_Dancando-no-ritmo_2003_pecas-graficas-3-1080x1451.jpg 1080w, https:\/\/cartografiadadancadoacre.com.br\/wp-content\/uploads\/2016\/07\/7-Espetaculo-Vitoria-Regia_Dancando-no-ritmo_2003_pecas-graficas-3.jpg 1559w\" sizes=\"(max-width: 223px) 100vw, 223px\" \/><\/a><\/p>\n<p><a href=\"http:\/\/cartografiadadancadoacre.com.br\/wp-content\/uploads\/2016\/07\/7-Espetaculo-Vitoria-Regia_Dancando-no-ritmo_2003_pecas-graficas-4.jpg\" rel=\"attachment wp-att-1431\"><img loading=\"lazy\" decoding=\"async\" class=\"alignnone size-medium wp-image-1431\" src=\"http:\/\/cartografiadadancadoacre.com.br\/wp-content\/uploads\/2016\/07\/7-Espetaculo-Vitoria-Regia_Dancando-no-ritmo_2003_pecas-graficas-4-300x172.jpg\" alt=\"7 Espetaculo Vitoria Regia_Dancando no ritmo_2003_pecas graficas (4)\" width=\"300\" height=\"172\" srcset=\"https:\/\/cartografiadadancadoacre.com.br\/wp-content\/uploads\/2016\/07\/7-Espetaculo-Vitoria-Regia_Dancando-no-ritmo_2003_pecas-graficas-4-300x172.jpg 300w, https:\/\/cartografiadadancadoacre.com.br\/wp-content\/uploads\/2016\/07\/7-Espetaculo-Vitoria-Regia_Dancando-no-ritmo_2003_pecas-graficas-4-768x440.jpg 768w, https:\/\/cartografiadadancadoacre.com.br\/wp-content\/uploads\/2016\/07\/7-Espetaculo-Vitoria-Regia_Dancando-no-ritmo_2003_pecas-graficas-4-1024x586.jpg 1024w, https:\/\/cartografiadadancadoacre.com.br\/wp-content\/uploads\/2016\/07\/7-Espetaculo-Vitoria-Regia_Dancando-no-ritmo_2003_pecas-graficas-4-1080x619.jpg 1080w\" sizes=\"(max-width: 300px) 100vw, 300px\" \/><\/a><\/p>\n<p><a href=\"http:\/\/cartografiadadancadoacre.com.br\/wp-content\/uploads\/2016\/07\/7-Espetaculo-Vitoria-Regia_Dancando-no-ritmo_2003_pecas-graficas_cartaz.jpg\" rel=\"attachment wp-att-1432\"><img loading=\"lazy\" decoding=\"async\" class=\"alignnone size-medium wp-image-1432\" src=\"http:\/\/cartografiadadancadoacre.com.br\/wp-content\/uploads\/2016\/07\/7-Espetaculo-Vitoria-Regia_Dancando-no-ritmo_2003_pecas-graficas_cartaz-300x207.jpg\" alt=\"7 Espetaculo Vitoria Regia_Dancando no ritmo_2003_pecas graficas_cartaz\" width=\"300\" height=\"207\" srcset=\"https:\/\/cartografiadadancadoacre.com.br\/wp-content\/uploads\/2016\/07\/7-Espetaculo-Vitoria-Regia_Dancando-no-ritmo_2003_pecas-graficas_cartaz-300x207.jpg 300w, https:\/\/cartografiadadancadoacre.com.br\/wp-content\/uploads\/2016\/07\/7-Espetaculo-Vitoria-Regia_Dancando-no-ritmo_2003_pecas-graficas_cartaz-768x530.jpg 768w, https:\/\/cartografiadadancadoacre.com.br\/wp-content\/uploads\/2016\/07\/7-Espetaculo-Vitoria-Regia_Dancando-no-ritmo_2003_pecas-graficas_cartaz-1024x707.jpg 1024w, https:\/\/cartografiadadancadoacre.com.br\/wp-content\/uploads\/2016\/07\/7-Espetaculo-Vitoria-Regia_Dancando-no-ritmo_2003_pecas-graficas_cartaz-1080x745.jpg 1080w\" sizes=\"(max-width: 300px) 100vw, 300px\" \/><\/a><\/p>\n<p><a href=\"http:\/\/cartografiadadancadoacre.com.br\/wp-content\/uploads\/2016\/07\/7-Espetaculo-Vitoria-Regia_Dancando-no-ritmo_2003_pecas-graficas_folder.jpg\" rel=\"attachment wp-att-1434\"><img loading=\"lazy\" decoding=\"async\" class=\"alignnone wp-image-1434 size-large\" src=\"http:\/\/cartografiadadancadoacre.com.br\/wp-content\/uploads\/2016\/07\/7-Espetaculo-Vitoria-Regia_Dancando-no-ritmo_2003_pecas-graficas_folder-1024x1024.jpg\" alt=\"7 Espetaculo Vitoria Regia_Dancando no ritmo_2003_pecas graficas_folder\" width=\"1024\" height=\"1024\" srcset=\"https:\/\/cartografiadadancadoacre.com.br\/wp-content\/uploads\/2016\/07\/7-Espetaculo-Vitoria-Regia_Dancando-no-ritmo_2003_pecas-graficas_folder-1024x1024.jpg 1024w, https:\/\/cartografiadadancadoacre.com.br\/wp-content\/uploads\/2016\/07\/7-Espetaculo-Vitoria-Regia_Dancando-no-ritmo_2003_pecas-graficas_folder-150x150.jpg 150w, https:\/\/cartografiadadancadoacre.com.br\/wp-content\/uploads\/2016\/07\/7-Espetaculo-Vitoria-Regia_Dancando-no-ritmo_2003_pecas-graficas_folder-300x300.jpg 300w, https:\/\/cartografiadadancadoacre.com.br\/wp-content\/uploads\/2016\/07\/7-Espetaculo-Vitoria-Regia_Dancando-no-ritmo_2003_pecas-graficas_folder-768x767.jpg 768w, https:\/\/cartografiadadancadoacre.com.br\/wp-content\/uploads\/2016\/07\/7-Espetaculo-Vitoria-Regia_Dancando-no-ritmo_2003_pecas-graficas_folder-1080x1079.jpg 1080w, https:\/\/cartografiadadancadoacre.com.br\/wp-content\/uploads\/2016\/07\/7-Espetaculo-Vitoria-Regia_Dancando-no-ritmo_2003_pecas-graficas_folder.jpg 1379w\" sizes=\"(max-width: 1024px) 100vw, 1024px\" \/><\/a><\/p>\n<p><a href=\"http:\/\/cartografiadadancadoacre.com.br\/wp-content\/uploads\/2016\/07\/7-Espetaculo-Vitoria-Regia_Dancando-no-ritmo_2003_pecas-graficas.jpg\" rel=\"attachment wp-att-1435\"><img loading=\"lazy\" decoding=\"async\" class=\"alignnone wp-image-1435 size-large\" src=\"http:\/\/cartografiadadancadoacre.com.br\/wp-content\/uploads\/2016\/07\/7-Espetaculo-Vitoria-Regia_Dancando-no-ritmo_2003_pecas-graficas-763x1024.jpg\" alt=\"7 Espetaculo Vitoria Regia_Dancando no ritmo_2003_pecas graficas\" width=\"763\" height=\"1024\" srcset=\"https:\/\/cartografiadadancadoacre.com.br\/wp-content\/uploads\/2016\/07\/7-Espetaculo-Vitoria-Regia_Dancando-no-ritmo_2003_pecas-graficas-763x1024.jpg 763w, https:\/\/cartografiadadancadoacre.com.br\/wp-content\/uploads\/2016\/07\/7-Espetaculo-Vitoria-Regia_Dancando-no-ritmo_2003_pecas-graficas-224x300.jpg 224w, https:\/\/cartografiadadancadoacre.com.br\/wp-content\/uploads\/2016\/07\/7-Espetaculo-Vitoria-Regia_Dancando-no-ritmo_2003_pecas-graficas-768x1031.jpg 768w, https:\/\/cartografiadadancadoacre.com.br\/wp-content\/uploads\/2016\/07\/7-Espetaculo-Vitoria-Regia_Dancando-no-ritmo_2003_pecas-graficas.jpg 1062w\" sizes=\"(max-width: 763px) 100vw, 763px\" \/><\/a><\/p>\n<h1>LINKS<\/h1>\n<p>Em constru\u00e7\u00e3o.<\/p>\n<h1>MATERIAL NA IMPRENSA<\/h1>\n<p><a href=\"http:\/\/cartografiadadancadoacre.com.br\/wp-content\/uploads\/2016\/07\/7-Espetaculo-Vitoria-Regia_Dancando-no-ritmo_2003_material-na-imprensa-1.jpg\" rel=\"attachment wp-att-1436\"><img loading=\"lazy\" decoding=\"async\" class=\"alignnone wp-image-1436 size-large\" src=\"http:\/\/cartografiadadancadoacre.com.br\/wp-content\/uploads\/2016\/07\/7-Espetaculo-Vitoria-Regia_Dancando-no-ritmo_2003_material-na-imprensa-1-689x1024.jpg\" alt=\"7 Espetaculo Vitoria Regia_Dancando no ritmo_2003_material na imprensa (1)\" width=\"689\" height=\"1024\" srcset=\"https:\/\/cartografiadadancadoacre.com.br\/wp-content\/uploads\/2016\/07\/7-Espetaculo-Vitoria-Regia_Dancando-no-ritmo_2003_material-na-imprensa-1-689x1024.jpg 689w, https:\/\/cartografiadadancadoacre.com.br\/wp-content\/uploads\/2016\/07\/7-Espetaculo-Vitoria-Regia_Dancando-no-ritmo_2003_material-na-imprensa-1-202x300.jpg 202w, https:\/\/cartografiadadancadoacre.com.br\/wp-content\/uploads\/2016\/07\/7-Espetaculo-Vitoria-Regia_Dancando-no-ritmo_2003_material-na-imprensa-1-768x1142.jpg 768w, https:\/\/cartografiadadancadoacre.com.br\/wp-content\/uploads\/2016\/07\/7-Espetaculo-Vitoria-Regia_Dancando-no-ritmo_2003_material-na-imprensa-1-1080x1606.jpg 1080w, https:\/\/cartografiadadancadoacre.com.br\/wp-content\/uploads\/2016\/07\/7-Espetaculo-Vitoria-Regia_Dancando-no-ritmo_2003_material-na-imprensa-1.jpg 1792w\" sizes=\"(max-width: 689px) 100vw, 689px\" \/><\/a><\/p>\n<p><a href=\"http:\/\/cartografiadadancadoacre.com.br\/wp-content\/uploads\/2016\/07\/7-Espetaculo-Vitoria-Regia_Dancando-no-ritmo_2003_material-na-imprensa-2.jpg\" rel=\"attachment wp-att-1437\"><img loading=\"lazy\" decoding=\"async\" class=\"alignnone wp-image-1437 size-large\" src=\"http:\/\/cartografiadadancadoacre.com.br\/wp-content\/uploads\/2016\/07\/7-Espetaculo-Vitoria-Regia_Dancando-no-ritmo_2003_material-na-imprensa-2-741x1024.jpg\" alt=\"7 Espetaculo Vitoria Regia_Dancando no ritmo_2003_material na imprensa (2)\" width=\"741\" height=\"1024\" srcset=\"https:\/\/cartografiadadancadoacre.com.br\/wp-content\/uploads\/2016\/07\/7-Espetaculo-Vitoria-Regia_Dancando-no-ritmo_2003_material-na-imprensa-2-741x1024.jpg 741w, https:\/\/cartografiadadancadoacre.com.br\/wp-content\/uploads\/2016\/07\/7-Espetaculo-Vitoria-Regia_Dancando-no-ritmo_2003_material-na-imprensa-2-217x300.jpg 217w, https:\/\/cartografiadadancadoacre.com.br\/wp-content\/uploads\/2016\/07\/7-Espetaculo-Vitoria-Regia_Dancando-no-ritmo_2003_material-na-imprensa-2-768x1062.jpg 768w, https:\/\/cartografiadadancadoacre.com.br\/wp-content\/uploads\/2016\/07\/7-Espetaculo-Vitoria-Regia_Dancando-no-ritmo_2003_material-na-imprensa-2-1080x1493.jpg 1080w, https:\/\/cartografiadadancadoacre.com.br\/wp-content\/uploads\/2016\/07\/7-Espetaculo-Vitoria-Regia_Dancando-no-ritmo_2003_material-na-imprensa-2.jpg 1888w\" sizes=\"(max-width: 741px) 100vw, 741px\" \/><\/a><\/p>\n","protected":false},"excerpt":{"rendered":"<p>Escola de Dan\u00e7a Dan\u00e7ando no Ritmo SINOPSE A Amaz\u00f4nia enfeiti\u00e7a e encanta a todos com suas lendas, que tem origem na cultura ind\u00edgena, muitas delas tornaram-se famosas e ganharam fronteiras. Vit\u00f3ria R\u00e9gia faz parte desta fantasia lend\u00e1ria. FONTE: Texto fornecido por Lilian Pinho (Escola de Dan\u00e7a Dan\u00e7ando no Ritmo) FICHA T\u00c9CNICA Dire\u00e7\u00e3o Geral: Lilian Pinho [&hellip;]<\/p>\n","protected":false},"author":1,"featured_media":0,"comment_status":"open","ping_status":"open","sticky":false,"template":"","format":"standard","meta":{"_et_pb_use_builder":"","_et_pb_old_content":"","_et_gb_content_width":"","footnotes":""},"categories":[2],"tags":[],"class_list":["post-1428","post","type-post","status-publish","format-standard","hentry","category-espetaculos"],"_links":{"self":[{"href":"https:\/\/cartografiadadancadoacre.com.br\/index.php?rest_route=\/wp\/v2\/posts\/1428","targetHints":{"allow":["GET"]}}],"collection":[{"href":"https:\/\/cartografiadadancadoacre.com.br\/index.php?rest_route=\/wp\/v2\/posts"}],"about":[{"href":"https:\/\/cartografiadadancadoacre.com.br\/index.php?rest_route=\/wp\/v2\/types\/post"}],"author":[{"embeddable":true,"href":"https:\/\/cartografiadadancadoacre.com.br\/index.php?rest_route=\/wp\/v2\/users\/1"}],"replies":[{"embeddable":true,"href":"https:\/\/cartografiadadancadoacre.com.br\/index.php?rest_route=%2Fwp%2Fv2%2Fcomments&post=1428"}],"version-history":[{"count":0,"href":"https:\/\/cartografiadadancadoacre.com.br\/index.php?rest_route=\/wp\/v2\/posts\/1428\/revisions"}],"wp:attachment":[{"href":"https:\/\/cartografiadadancadoacre.com.br\/index.php?rest_route=%2Fwp%2Fv2%2Fmedia&parent=1428"}],"wp:term":[{"taxonomy":"category","embeddable":true,"href":"https:\/\/cartografiadadancadoacre.com.br\/index.php?rest_route=%2Fwp%2Fv2%2Fcategories&post=1428"},{"taxonomy":"post_tag","embeddable":true,"href":"https:\/\/cartografiadadancadoacre.com.br\/index.php?rest_route=%2Fwp%2Fv2%2Ftags&post=1428"}],"curies":[{"name":"wp","href":"https:\/\/api.w.org\/{rel}","templated":true}]}}