{"id":139,"date":"2015-11-06T21:42:40","date_gmt":"2015-11-06T21:42:40","guid":{"rendered":"http:\/\/cartografiadadancadoacre.com.br\/?p=139"},"modified":"2021-07-22T21:01:57","modified_gmt":"2021-07-22T21:01:57","slug":"cia-garatuja-de-artes-cenicas","status":"publish","type":"post","link":"https:\/\/cartografiadadancadoacre.com.br\/?p=139","title":{"rendered":"Companhia Garatuja de Artes C\u00eanicas (Rio Branco)"},"content":{"rendered":"<h1>SOBRE<\/h1>\n<p>A companhia surgiu no ano de 1990 como Cia. de Teatro Garatuja, s\u00f3 em 2001 modificamos devido uma nova vertente que surgia a Dan\u00e7a contempor\u00e2nea, hoje trabalhamos diversas linguagens e modalidades de teatro e dan\u00e7a. Essa companhia se tornou a maior companhia de teatro e dan\u00e7a do Acre com referencias em todo o estado tanto com teatro quanto com a dan\u00e7a. Realizamos hoje o maior evento de dan\u00e7a do estado Mostra Garatuja de Dan\u00e7a e o Festival de Dan\u00e7a do Aquiry. Pr\u00eamios: 2005 \u2013 Funarte Petrobras com Chapurys 2006 \u2013 Chico Mendes de Florestania com Chapurys. 2006 \u2013 Pr\u00eamio Funarte Miriam Muniz de Fomento ao Teatro com Rosa Vermelha. 2007 \u2013 Pr\u00eamio Funarte de Dan\u00e7a Klauss Vianna com Est\u00e1gio Modular da Dan\u00e7a. 2008 \u2013 Pr\u00eamio Funarte de Dan\u00e7a Klauss Vianna com A Saga de Yo B\u00e1 2009 e 2010, estagio Modular da Dan\u00e7a II em 2011.<br \/>\nRealizamos o projeto Laborat\u00f3rio da Dramaturgia do Corpo em 2013 no Amaz\u00f4nia Cultural e pelo Fundo Estadual, onde tivemos a oportunidade de estamos na comunidade do Cr\u00f4a, e no rio Greg\u00f3rio com o Povo yawanawa no Festival Yawa da aldeia Mutum. Em 2013 iniciamos a dramaturgia do espet\u00e1culo Kenes, apresentamos no !\u00aa Semin\u00e1rio de Pesquisa da Mitologia Ind\u00edgena e Dramaturgia do Corpo em 29 de maio de 2014 no Teatro recreio. Maturando as Artes C\u00eanicas em Cruzeiro do Sul e Rio Branco.<br \/>\nApresentamos Kenes no SBPC em 2014 na Universidade federal do Acre, Maturando as Artes C\u00eanicas II.<br \/>\nAinda em 2014 realizamos o II Semin\u00e1rio da Mitologia Ind\u00edgena e Dramaturgia do Corpo no dia 20 de dezembro, ainda em dezembro apresentamos na Panamaz\u00f4nica no Hosto Florestal. Viagem de pesquisa ao Jord\u00e2o aldeia lago Lindo, processo c\u00eanico Iku\u00e2ni.<br \/>\nEm 2015 realizamos durante todo ano o laborat\u00f3rio da Dramaturgia do Corpo, montagem do Iku\u00e2ni, realiza\u00e7\u00e3o da VII Mostra Garatuja de Dan\u00e7a, participa\u00e7\u00e3o no 9\u00ba Semin\u00e1rio da Faculdade Angel Vianna no Rio de Janeiro com Iku\u00e2ni.<br \/>\nEstreia do Iku\u00e2ni em mar\u00e7o de 2016 e realiza\u00e7\u00e3o do projeto Maturando as Artes C\u00eanicas III, lan\u00e7amento do Document\u00e1rio Mariri Yawa e diversas temporadas do Iku\u00e2ni e Saga de Yob\u00e0.<br \/>\nApresenta\u00e7\u00e3o e Circula\u00e7\u00e3o nos Munic\u00edpios do Acre no Edital Jamaxi Cultural 2016, 2017 e 2018.<br \/>\nApresenta\u00e7\u00e3o nos bairros de Rio Branco no Gameleira Cultural 2017 espet\u00e1culos: Iku\u00e2ni e Saga de Yo b\u00e1.<\/p>\n<p>FONTE: Texto fornecido por Regina Maciel (Companhia Garatuja de Artes C\u00eanicas)<\/p>\n<p>Blog:\u00a0<a href=\"http:\/\/ciagaratujadeartescenicas.blogspot.com.br\/\" target=\"_blank\" rel=\"noopener noreferrer\">http:\/\/ciagaratujadeartescenicas.blogspot.com.br\/<\/a><\/p>\n<p>Facebook:\u00a0<a href=\"https:\/\/www.facebook.com\/Cia-Garatuja-de-Artes-C%C3%AAnicas-372602986211911\/\" target=\"_blank\" rel=\"noopener noreferrer\">https:\/\/www.facebook.com\/Cia-Garatuja-de-Artes-C%C3%AAnicas-372602986211911\/<\/a><\/p>\n<h1>ESPET\u00c1CULOS<\/h1>\n<p><a href=\"http:\/\/cartografiadadancadoacre.com.br\/?p=5144\">Correrias (2021)<\/a><\/p>\n<p><a href=\"http:\/\/cartografiadadancadoacre.com.br\/?p=1181\">Iku\u00e3ni (2016)<\/a><\/p>\n<p><a href=\"http:\/\/cartografiadadancadoacre.com.br\/?p=335\">K\u00eanes (2014)<\/a><\/p>\n<p><a href=\"http:\/\/cartografiadadancadoacre.com.br\/?p=204\">A Saga\u00a0de Yo B\u00e1 (2008)<\/a><\/p>\n<p><a href=\"http:\/\/cartografiadadancadoacre.com.br\/?p=332\">Rastros (2001)<\/a><\/p>\n","protected":false},"excerpt":{"rendered":"<p>SOBRE A companhia surgiu no ano de 1990 como Cia. de Teatro Garatuja, s\u00f3 em 2001 modificamos devido uma nova vertente que surgia a Dan\u00e7a contempor\u00e2nea, hoje trabalhamos diversas linguagens e modalidades de teatro e dan\u00e7a. Essa companhia se tornou a maior companhia de teatro e dan\u00e7a do Acre com referencias em todo o estado [&hellip;]<\/p>\n","protected":false},"author":1,"featured_media":0,"comment_status":"open","ping_status":"open","sticky":false,"template":"","format":"standard","meta":{"_et_pb_use_builder":"","_et_pb_old_content":"","_et_gb_content_width":"","footnotes":""},"categories":[5],"tags":[],"class_list":["post-139","post","type-post","status-publish","format-standard","hentry","category-grupos"],"_links":{"self":[{"href":"https:\/\/cartografiadadancadoacre.com.br\/index.php?rest_route=\/wp\/v2\/posts\/139","targetHints":{"allow":["GET"]}}],"collection":[{"href":"https:\/\/cartografiadadancadoacre.com.br\/index.php?rest_route=\/wp\/v2\/posts"}],"about":[{"href":"https:\/\/cartografiadadancadoacre.com.br\/index.php?rest_route=\/wp\/v2\/types\/post"}],"author":[{"embeddable":true,"href":"https:\/\/cartografiadadancadoacre.com.br\/index.php?rest_route=\/wp\/v2\/users\/1"}],"replies":[{"embeddable":true,"href":"https:\/\/cartografiadadancadoacre.com.br\/index.php?rest_route=%2Fwp%2Fv2%2Fcomments&post=139"}],"version-history":[{"count":2,"href":"https:\/\/cartografiadadancadoacre.com.br\/index.php?rest_route=\/wp\/v2\/posts\/139\/revisions"}],"predecessor-version":[{"id":5146,"href":"https:\/\/cartografiadadancadoacre.com.br\/index.php?rest_route=\/wp\/v2\/posts\/139\/revisions\/5146"}],"wp:attachment":[{"href":"https:\/\/cartografiadadancadoacre.com.br\/index.php?rest_route=%2Fwp%2Fv2%2Fmedia&parent=139"}],"wp:term":[{"taxonomy":"category","embeddable":true,"href":"https:\/\/cartografiadadancadoacre.com.br\/index.php?rest_route=%2Fwp%2Fv2%2Fcategories&post=139"},{"taxonomy":"post_tag","embeddable":true,"href":"https:\/\/cartografiadadancadoacre.com.br\/index.php?rest_route=%2Fwp%2Fv2%2Ftags&post=139"}],"curies":[{"name":"wp","href":"https:\/\/api.w.org\/{rel}","templated":true}]}}