{"id":1380,"date":"2016-07-20T19:28:40","date_gmt":"2016-07-20T19:28:40","guid":{"rendered":"http:\/\/cartografiadadancadoacre.com.br\/?p=1380"},"modified":"2017-09-14T05:55:01","modified_gmt":"2017-09-14T05:55:01","slug":"the-trip-2000","status":"publish","type":"post","link":"https:\/\/cartografiadadancadoacre.com.br\/?p=1380","title":{"rendered":"The Trip (2000)"},"content":{"rendered":"<p><a href=\"http:\/\/cartografiadadancadoacre.com.br\/?p=1338\">Escola de Dan\u00e7a Dan\u00e7ando no Ritmo<\/a><\/p>\n<hr \/>\n<h1>SINOPSE<\/h1>\n<p>O espet\u00e1culo de dan\u00e7a intitulado \u201cThe Trip\u201d (A viagem) tem como destino Nova York e se prop\u00f5e em mostrar o dia-a-dia das pessoas que viajam para a capital do mundo, desde o seu embarque, passando pelas aventuras e sonhos vividos nas ruas da Broadway.<\/p>\n<p>FONTE: Texto fornecido por Lilian Pinho (Escola de Dan\u00e7a Dan\u00e7ando no Ritmo)<\/p>\n<h1>FICHA T\u00c9CNICA<\/h1>\n<p>Dire\u00e7\u00e3o Geral: Lilian Pinho e Lina Andrade<br \/>\nCoreografias: Lilian Pinho e Lina Andrade<br \/>\nEnsaios: Lilian Pinho e Lina Andrade<br \/>\nProjeto: Lilian Pinho e Lina Andrade<br \/>\nInstrutoras: Andressa Ribeiro, Camila Arruda e Livia Arruda<br \/>\nProdu\u00e7\u00e3o Musical: Paulo S\u00e9rgio<br \/>\nIlumina\u00e7\u00e3o: Luis<br \/>\nSonoplasta: Roney<br \/>\nAssessoria de Marketing: Lilian Pinho e Lina Andrade<br \/>\nAssessoria de Dire\u00e7\u00e3o: Kelly Cristina S. Lima, S\u00f4nia Virginia Vasconcelos e Esmeralda Barbosa<br \/>\nProdu\u00e7\u00e3o Gr\u00e1fica: RG Comunica\u00e7\u00f5es e Marketing<br \/>\nFigurinos: Marise Pontes Soares<br \/>\nConfec\u00e7\u00e3o (guarda-roupa): Marise Pontes, Cida Visu, Marta Silva Amorim e Rubens Ara\u00fajo.<br \/>\nCenografia: Rubens Ara\u00fajo e Deniken Lopes<br \/>\nCenot\u00e9cnico: R\u00f4mulo Olivares<\/p>\n<h1>FOTO<\/h1>\n\n\t\t<style type=\"text\/css\">\n\t\t\t#gallery-1 {\n\t\t\t\tmargin: auto;\n\t\t\t}\n\t\t\t#gallery-1 .gallery-item {\n\t\t\t\tfloat: left;\n\t\t\t\tmargin-top: 10px;\n\t\t\t\ttext-align: center;\n\t\t\t\twidth: 25%;\n\t\t\t}\n\t\t\t#gallery-1 img {\n\t\t\t\tborder: 2px solid #cfcfcf;\n\t\t\t}\n\t\t\t#gallery-1 .gallery-caption {\n\t\t\t\tmargin-left: 0;\n\t\t\t}\n\t\t\t\/* see gallery_shortcode() in wp-includes\/media.php *\/\n\t\t<\/style>\n\t\t<div id='gallery-1' class='gallery galleryid-1380 gallery-columns-4 gallery-size-thumbnail'><dl class='gallery-item'>\n\t\t\t<dt class='gallery-icon landscape'>\n\t\t\t\t<a href='https:\/\/cartografiadadancadoacre.com.br\/wp-content\/uploads\/2016\/07\/4-Espetaculo-The-Trip_Dancando-no-ritmo_2000_foto.jpg'><img loading=\"lazy\" decoding=\"async\" width=\"150\" height=\"150\" src=\"https:\/\/cartografiadadancadoacre.com.br\/wp-content\/uploads\/2016\/07\/4-Espetaculo-The-Trip_Dancando-no-ritmo_2000_foto-150x150.jpg\" class=\"attachment-thumbnail size-thumbnail\" alt=\"\" \/><\/a>\n\t\t\t<\/dt><\/dl>\n\t\t\t<br style='clear: both' \/>\n\t\t<\/div>\n\n<p style=\"text-align: center;\"><span id=\"m_-521947425560949534yui_3_16_0_ym19_1_1503607540178_18452\">OBS: Todas as fotos foram doadas por artistas da cidade ao acervo.<\/span>\u00a0Caso reconhe\u00e7a o autor de alguma dessas fotos, por favor, entre em contato conosco, pois \u00e9 nosso interesse registrar e resguardar os direitos dos profissionais.<\/p>\n<h1>V\u00cdDEOS<\/h1>\n<p>Em constru\u00e7\u00e3o<\/p>\n<h1>PE\u00c7AS GR\u00c1FICAS<\/h1>\n<p><a href=\"http:\/\/cartografiadadancadoacre.com.br\/wp-content\/uploads\/2016\/07\/4-Espetaculo-The-Trip_Dancando-no-ritmo_2000_pecas-graficas_folder.jpg\" rel=\"attachment wp-att-1404\"><img loading=\"lazy\" decoding=\"async\" class=\"alignnone wp-image-1404 size-large\" src=\"http:\/\/cartografiadadancadoacre.com.br\/wp-content\/uploads\/2016\/07\/4-Espetaculo-The-Trip_Dancando-no-ritmo_2000_pecas-graficas_folder-1024x740.jpg\" alt=\"4 Espetaculo The Trip_Dancando no ritmo_2000_pecas graficas_folder\" width=\"1024\" height=\"740\" srcset=\"https:\/\/cartografiadadancadoacre.com.br\/wp-content\/uploads\/2016\/07\/4-Espetaculo-The-Trip_Dancando-no-ritmo_2000_pecas-graficas_folder-1024x740.jpg 1024w, https:\/\/cartografiadadancadoacre.com.br\/wp-content\/uploads\/2016\/07\/4-Espetaculo-The-Trip_Dancando-no-ritmo_2000_pecas-graficas_folder-300x217.jpg 300w, https:\/\/cartografiadadancadoacre.com.br\/wp-content\/uploads\/2016\/07\/4-Espetaculo-The-Trip_Dancando-no-ritmo_2000_pecas-graficas_folder-768x555.jpg 768w, https:\/\/cartografiadadancadoacre.com.br\/wp-content\/uploads\/2016\/07\/4-Espetaculo-The-Trip_Dancando-no-ritmo_2000_pecas-graficas_folder-1080x781.jpg 1080w, https:\/\/cartografiadadancadoacre.com.br\/wp-content\/uploads\/2016\/07\/4-Espetaculo-The-Trip_Dancando-no-ritmo_2000_pecas-graficas_folder.jpg 1634w\" sizes=\"(max-width: 1024px) 100vw, 1024px\" \/><\/a><\/p>\n<p><a href=\"http:\/\/cartografiadadancadoacre.com.br\/wp-content\/uploads\/2016\/07\/4-Espetaculo-The-Trip_Dancando-no-ritmo_2000_pecas-graficas_ingresso.jpg\" rel=\"attachment wp-att-1405\"><img loading=\"lazy\" decoding=\"async\" class=\"alignnone size-medium wp-image-1405\" src=\"http:\/\/cartografiadadancadoacre.com.br\/wp-content\/uploads\/2016\/07\/4-Espetaculo-The-Trip_Dancando-no-ritmo_2000_pecas-graficas_ingresso-145x300.jpg\" alt=\"4 Espetaculo The Trip_Dancando no ritmo_2000_pecas graficas_ingresso\" width=\"145\" height=\"300\" srcset=\"https:\/\/cartografiadadancadoacre.com.br\/wp-content\/uploads\/2016\/07\/4-Espetaculo-The-Trip_Dancando-no-ritmo_2000_pecas-graficas_ingresso-145x300.jpg 145w, https:\/\/cartografiadadancadoacre.com.br\/wp-content\/uploads\/2016\/07\/4-Espetaculo-The-Trip_Dancando-no-ritmo_2000_pecas-graficas_ingresso-768x1590.jpg 768w, https:\/\/cartografiadadancadoacre.com.br\/wp-content\/uploads\/2016\/07\/4-Espetaculo-The-Trip_Dancando-no-ritmo_2000_pecas-graficas_ingresso-495x1024.jpg 495w, https:\/\/cartografiadadancadoacre.com.br\/wp-content\/uploads\/2016\/07\/4-Espetaculo-The-Trip_Dancando-no-ritmo_2000_pecas-graficas_ingresso-1080x2236.jpg 1080w, https:\/\/cartografiadadancadoacre.com.br\/wp-content\/uploads\/2016\/07\/4-Espetaculo-The-Trip_Dancando-no-ritmo_2000_pecas-graficas_ingresso.jpg 1110w\" sizes=\"(max-width: 145px) 100vw, 145px\" \/><\/a><\/p>\n<h1>LINKS<\/h1>\n<p>Em constru\u00e7\u00e3o.<\/p>\n<h1>MATERIAL NA IMPRENSA<\/h1>\n<p>Em constru\u00e7\u00e3o.<\/p>\n","protected":false},"excerpt":{"rendered":"<p>Escola de Dan\u00e7a Dan\u00e7ando no Ritmo SINOPSE O espet\u00e1culo de dan\u00e7a intitulado \u201cThe Trip\u201d (A viagem) tem como destino Nova York e se prop\u00f5e em mostrar o dia-a-dia das pessoas que viajam para a capital do mundo, desde o seu embarque, passando pelas aventuras e sonhos vividos nas ruas da Broadway. FONTE: Texto fornecido por [&hellip;]<\/p>\n","protected":false},"author":1,"featured_media":0,"comment_status":"open","ping_status":"open","sticky":false,"template":"","format":"standard","meta":{"_et_pb_use_builder":"","_et_pb_old_content":"","_et_gb_content_width":"","footnotes":""},"categories":[2],"tags":[],"class_list":["post-1380","post","type-post","status-publish","format-standard","hentry","category-espetaculos"],"_links":{"self":[{"href":"https:\/\/cartografiadadancadoacre.com.br\/index.php?rest_route=\/wp\/v2\/posts\/1380","targetHints":{"allow":["GET"]}}],"collection":[{"href":"https:\/\/cartografiadadancadoacre.com.br\/index.php?rest_route=\/wp\/v2\/posts"}],"about":[{"href":"https:\/\/cartografiadadancadoacre.com.br\/index.php?rest_route=\/wp\/v2\/types\/post"}],"author":[{"embeddable":true,"href":"https:\/\/cartografiadadancadoacre.com.br\/index.php?rest_route=\/wp\/v2\/users\/1"}],"replies":[{"embeddable":true,"href":"https:\/\/cartografiadadancadoacre.com.br\/index.php?rest_route=%2Fwp%2Fv2%2Fcomments&post=1380"}],"version-history":[{"count":0,"href":"https:\/\/cartografiadadancadoacre.com.br\/index.php?rest_route=\/wp\/v2\/posts\/1380\/revisions"}],"wp:attachment":[{"href":"https:\/\/cartografiadadancadoacre.com.br\/index.php?rest_route=%2Fwp%2Fv2%2Fmedia&parent=1380"}],"wp:term":[{"taxonomy":"category","embeddable":true,"href":"https:\/\/cartografiadadancadoacre.com.br\/index.php?rest_route=%2Fwp%2Fv2%2Fcategories&post=1380"},{"taxonomy":"post_tag","embeddable":true,"href":"https:\/\/cartografiadadancadoacre.com.br\/index.php?rest_route=%2Fwp%2Fv2%2Ftags&post=1380"}],"curies":[{"name":"wp","href":"https:\/\/api.w.org\/{rel}","templated":true}]}}