{"id":1379,"date":"2016-07-20T19:22:51","date_gmt":"2016-07-20T19:22:51","guid":{"rendered":"http:\/\/cartografiadadancadoacre.com.br\/?p=1379"},"modified":"2017-09-13T22:18:50","modified_gmt":"2017-09-13T22:18:50","slug":"prece-a-terra-1999","status":"publish","type":"post","link":"https:\/\/cartografiadadancadoacre.com.br\/?p=1379","title":{"rendered":"Prece a Terra (1999)"},"content":{"rendered":"<p><a href=\"http:\/\/cartografiadadancadoacre.com.br\/?p=1338\">Escola de Dan\u00e7a Dan\u00e7ando no Ritmo<\/a><\/p>\n<hr \/>\n<h1>SINOPSE<\/h1>\n<p>Na dan\u00e7a brasileira o movimento \u00e9 o pr\u00f3prio instrumento e a m\u00fasica em estado puro, com sutilezas que o tom n\u00e3o pode expressar. Este \u00e9 o Brasil brasileiro. \u00c9 o Brasil em sons num repert\u00f3rio que vai do popular ao cl\u00e1ssico. O pa\u00eds que Dan\u00e7ando no R\u00edtmo \u00e9 visto por todos agora.\u00a0O Espet\u00e1culo pretende mostrar que com as m\u00fasicas e can\u00e7\u00f5es nacionais \u00e9 poss\u00edvel se fazer \u00f3timos n\u00fameros em diversos estilos. E tem como base as regi\u00f5es do pa\u00eds.<\/p>\n<p>FONTE: Texto fornecido por Lilian Pinho (Escola de Dan\u00e7a Dan\u00e7ando no Ritmo)<\/p>\n<h1>FICHA T\u00c9CNICA<\/h1>\n<p>Dire\u00e7\u00e3o geral, Cenografia, Ensaios e Projeto: Lilian Pinho e Lina Andrade<br \/>\nInstrutoras: Andressa Ribeiro, Camila Arruda e L\u00edvia Arruda<br \/>\nApoio de Projeto: Mazir Colares<br \/>\nProdu\u00e7\u00e3o Musical: Paulo S\u00e9rgio<br \/>\nIlumina\u00e7\u00e3o: Lu\u00eds<br \/>\nSonoplasta: Wagner Xavier<br \/>\nAssessoria de Marketing: Vanguarda Propaganda<br \/>\nPoesia: Telma Barquete Chaves<br \/>\nProdu\u00e7\u00e3o Gr\u00e1fica: RG Comunica\u00e7\u00f5es e Marketing<br \/>\nFotos e Impress\u00e3o: S\u00e9rgio Mac\u00eado<br \/>\nFigurino: Marise Pontes Soares<br \/>\nMaquiagem: Ana Alice<br \/>\nMaquiadores: Ana Alice, Edio, Fernando, Maria do Carmo e Rafisa<br \/>\nAdere\u00e7os: Marise Pontes Soares, Cida Visu, Marta Amorim, Olga Ramirez, Rubens Araujo, Kelly Cristina, Lenice Biasoli<br \/>\nCenografia: Rubens Ara\u00fajo e Deniken Lopes<br \/>\nCenot\u00e9cnico: Romulo Olivares<br \/>\nPatroc\u00ednio: Village, Teleacre Celular, Slump Engenharia, Bar do Papinha, Imac\/PPG-7<br \/>\nApoio: Funda\u00e7\u00e3o Elias Mansour, Funda\u00e7\u00e3o Garibaldi Brasil, Secretaria estadual de Educa\u00e7\u00e3o, Viveiro Girassol, TV Gazeta, R\u00e1dio Gazeta L\u00edder FM, Jornal A GAZETA.<br \/>\nRealiza\u00e7\u00e3o: Escola de Dan\u00e7a Dan\u00e7ando no Ritmo<\/p>\n<h1>FOTO<\/h1>\n\n\t\t<style type=\"text\/css\">\n\t\t\t#gallery-1 {\n\t\t\t\tmargin: auto;\n\t\t\t}\n\t\t\t#gallery-1 .gallery-item {\n\t\t\t\tfloat: left;\n\t\t\t\tmargin-top: 10px;\n\t\t\t\ttext-align: center;\n\t\t\t\twidth: 25%;\n\t\t\t}\n\t\t\t#gallery-1 img {\n\t\t\t\tborder: 2px solid #cfcfcf;\n\t\t\t}\n\t\t\t#gallery-1 .gallery-caption {\n\t\t\t\tmargin-left: 0;\n\t\t\t}\n\t\t\t\/* see gallery_shortcode() in wp-includes\/media.php *\/\n\t\t<\/style>\n\t\t<div id='gallery-1' class='gallery galleryid-1379 gallery-columns-4 gallery-size-thumbnail'><dl class='gallery-item'>\n\t\t\t<dt class='gallery-icon landscape'>\n\t\t\t\t<a href='https:\/\/cartografiadadancadoacre.com.br\/wp-content\/uploads\/2016\/07\/3-Espetaculo-Prece-a-Terra_Dancando-no-ritmo_1999_foto-1.jpg'><img loading=\"lazy\" decoding=\"async\" width=\"150\" height=\"150\" src=\"https:\/\/cartografiadadancadoacre.com.br\/wp-content\/uploads\/2016\/07\/3-Espetaculo-Prece-a-Terra_Dancando-no-ritmo_1999_foto-1-150x150.jpg\" class=\"attachment-thumbnail size-thumbnail\" alt=\"\" \/><\/a>\n\t\t\t<\/dt><\/dl><dl class='gallery-item'>\n\t\t\t<dt class='gallery-icon landscape'>\n\t\t\t\t<a href='https:\/\/cartografiadadancadoacre.com.br\/wp-content\/uploads\/2016\/07\/3-Espetaculo-Prece-a-Terra_Dancando-no-ritmo_1999_foto-2.jpg'><img loading=\"lazy\" decoding=\"async\" width=\"150\" height=\"150\" src=\"https:\/\/cartografiadadancadoacre.com.br\/wp-content\/uploads\/2016\/07\/3-Espetaculo-Prece-a-Terra_Dancando-no-ritmo_1999_foto-2-150x150.jpg\" class=\"attachment-thumbnail size-thumbnail\" alt=\"\" \/><\/a>\n\t\t\t<\/dt><\/dl><dl class='gallery-item'>\n\t\t\t<dt class='gallery-icon landscape'>\n\t\t\t\t<a href='https:\/\/cartografiadadancadoacre.com.br\/wp-content\/uploads\/2016\/07\/3-Espetaculo-Prece-a-Terra_Dancando-no-ritmo_1999_foto-3.jpg'><img loading=\"lazy\" decoding=\"async\" width=\"150\" height=\"150\" src=\"https:\/\/cartografiadadancadoacre.com.br\/wp-content\/uploads\/2016\/07\/3-Espetaculo-Prece-a-Terra_Dancando-no-ritmo_1999_foto-3-150x150.jpg\" class=\"attachment-thumbnail size-thumbnail\" alt=\"\" \/><\/a>\n\t\t\t<\/dt><\/dl><dl class='gallery-item'>\n\t\t\t<dt class='gallery-icon landscape'>\n\t\t\t\t<a href='https:\/\/cartografiadadancadoacre.com.br\/wp-content\/uploads\/2016\/07\/3-Espetaculo-Prece-a-Terra_Dancando-no-ritmo_1999_foto-4.jpg'><img loading=\"lazy\" decoding=\"async\" width=\"150\" height=\"150\" src=\"https:\/\/cartografiadadancadoacre.com.br\/wp-content\/uploads\/2016\/07\/3-Espetaculo-Prece-a-Terra_Dancando-no-ritmo_1999_foto-4-150x150.jpg\" class=\"attachment-thumbnail size-thumbnail\" alt=\"\" \/><\/a>\n\t\t\t<\/dt><\/dl><br style=\"clear: both\" \/><dl class='gallery-item'>\n\t\t\t<dt class='gallery-icon landscape'>\n\t\t\t\t<a href='https:\/\/cartografiadadancadoacre.com.br\/wp-content\/uploads\/2016\/07\/3-Espetaculo-Prece-a-Terra_Dancando-no-ritmo_1999_foto-5.jpg'><img loading=\"lazy\" decoding=\"async\" width=\"150\" height=\"150\" src=\"https:\/\/cartografiadadancadoacre.com.br\/wp-content\/uploads\/2016\/07\/3-Espetaculo-Prece-a-Terra_Dancando-no-ritmo_1999_foto-5-150x150.jpg\" class=\"attachment-thumbnail size-thumbnail\" alt=\"\" \/><\/a>\n\t\t\t<\/dt><\/dl><dl class='gallery-item'>\n\t\t\t<dt class='gallery-icon landscape'>\n\t\t\t\t<a href='https:\/\/cartografiadadancadoacre.com.br\/wp-content\/uploads\/2016\/07\/3-Espetaculo-Prece-a-Terra_Dancando-no-ritmo_1999_foto-6.jpg'><img loading=\"lazy\" decoding=\"async\" width=\"150\" height=\"150\" src=\"https:\/\/cartografiadadancadoacre.com.br\/wp-content\/uploads\/2016\/07\/3-Espetaculo-Prece-a-Terra_Dancando-no-ritmo_1999_foto-6-150x150.jpg\" class=\"attachment-thumbnail size-thumbnail\" alt=\"\" \/><\/a>\n\t\t\t<\/dt><\/dl><dl class='gallery-item'>\n\t\t\t<dt class='gallery-icon landscape'>\n\t\t\t\t<a href='https:\/\/cartografiadadancadoacre.com.br\/wp-content\/uploads\/2016\/07\/3-Espetaculo-Prece-a-Terra_Dancando-no-ritmo_1999_foto-7.jpg'><img loading=\"lazy\" decoding=\"async\" width=\"150\" height=\"150\" src=\"https:\/\/cartografiadadancadoacre.com.br\/wp-content\/uploads\/2016\/07\/3-Espetaculo-Prece-a-Terra_Dancando-no-ritmo_1999_foto-7-150x150.jpg\" class=\"attachment-thumbnail size-thumbnail\" alt=\"\" \/><\/a>\n\t\t\t<\/dt><\/dl><dl class='gallery-item'>\n\t\t\t<dt class='gallery-icon landscape'>\n\t\t\t\t<a href='https:\/\/cartografiadadancadoacre.com.br\/wp-content\/uploads\/2016\/07\/3-Espetaculo-Prece-a-Terra_Dancando-no-ritmo_1999_foto-8.jpg'><img loading=\"lazy\" decoding=\"async\" width=\"150\" height=\"150\" src=\"https:\/\/cartografiadadancadoacre.com.br\/wp-content\/uploads\/2016\/07\/3-Espetaculo-Prece-a-Terra_Dancando-no-ritmo_1999_foto-8-150x150.jpg\" class=\"attachment-thumbnail size-thumbnail\" alt=\"\" \/><\/a>\n\t\t\t<\/dt><\/dl><br style=\"clear: both\" \/><dl class='gallery-item'>\n\t\t\t<dt class='gallery-icon landscape'>\n\t\t\t\t<a href='https:\/\/cartografiadadancadoacre.com.br\/wp-content\/uploads\/2016\/07\/3-Espetaculo-Prece-a-Terra_Dancando-no-ritmo_1999_foto-9.jpg'><img loading=\"lazy\" decoding=\"async\" width=\"150\" height=\"150\" src=\"https:\/\/cartografiadadancadoacre.com.br\/wp-content\/uploads\/2016\/07\/3-Espetaculo-Prece-a-Terra_Dancando-no-ritmo_1999_foto-9-150x150.jpg\" class=\"attachment-thumbnail size-thumbnail\" alt=\"\" \/><\/a>\n\t\t\t<\/dt><\/dl><dl class='gallery-item'>\n\t\t\t<dt class='gallery-icon landscape'>\n\t\t\t\t<a href='https:\/\/cartografiadadancadoacre.com.br\/wp-content\/uploads\/2016\/07\/3-Espetaculo-Prece-a-Terra_Dancando-no-ritmo_1999_foto-10.jpg'><img loading=\"lazy\" decoding=\"async\" width=\"150\" height=\"150\" src=\"https:\/\/cartografiadadancadoacre.com.br\/wp-content\/uploads\/2016\/07\/3-Espetaculo-Prece-a-Terra_Dancando-no-ritmo_1999_foto-10-150x150.jpg\" class=\"attachment-thumbnail size-thumbnail\" alt=\"\" \/><\/a>\n\t\t\t<\/dt><\/dl><dl class='gallery-item'>\n\t\t\t<dt class='gallery-icon landscape'>\n\t\t\t\t<a href='https:\/\/cartografiadadancadoacre.com.br\/wp-content\/uploads\/2016\/07\/3-Espetaculo-Prece-a-Terra_Dancando-no-ritmo_1999_foto-11.jpg'><img loading=\"lazy\" decoding=\"async\" width=\"150\" height=\"150\" src=\"https:\/\/cartografiadadancadoacre.com.br\/wp-content\/uploads\/2016\/07\/3-Espetaculo-Prece-a-Terra_Dancando-no-ritmo_1999_foto-11-150x150.jpg\" class=\"attachment-thumbnail size-thumbnail\" alt=\"\" \/><\/a>\n\t\t\t<\/dt><\/dl><dl class='gallery-item'>\n\t\t\t<dt class='gallery-icon landscape'>\n\t\t\t\t<a href='https:\/\/cartografiadadancadoacre.com.br\/wp-content\/uploads\/2016\/07\/3-Espetaculo-Prece-a-Terra_Dancando-no-ritmo_1999_foto-12.jpg'><img loading=\"lazy\" decoding=\"async\" width=\"150\" height=\"150\" src=\"https:\/\/cartografiadadancadoacre.com.br\/wp-content\/uploads\/2016\/07\/3-Espetaculo-Prece-a-Terra_Dancando-no-ritmo_1999_foto-12-150x150.jpg\" class=\"attachment-thumbnail size-thumbnail\" alt=\"\" \/><\/a>\n\t\t\t<\/dt><\/dl><br style=\"clear: both\" \/><dl class='gallery-item'>\n\t\t\t<dt class='gallery-icon landscape'>\n\t\t\t\t<a href='https:\/\/cartografiadadancadoacre.com.br\/wp-content\/uploads\/2016\/07\/3-Espetaculo-Prece-a-Terra_Dancando-no-ritmo_1999_foto-13.jpg'><img loading=\"lazy\" decoding=\"async\" width=\"150\" height=\"150\" src=\"https:\/\/cartografiadadancadoacre.com.br\/wp-content\/uploads\/2016\/07\/3-Espetaculo-Prece-a-Terra_Dancando-no-ritmo_1999_foto-13-150x150.jpg\" class=\"attachment-thumbnail size-thumbnail\" alt=\"\" \/><\/a>\n\t\t\t<\/dt><\/dl><dl class='gallery-item'>\n\t\t\t<dt class='gallery-icon landscape'>\n\t\t\t\t<a href='https:\/\/cartografiadadancadoacre.com.br\/wp-content\/uploads\/2016\/07\/3-Espetaculo-Prece-a-Terra_Dancando-no-ritmo_1999_foto-16.jpg'><img loading=\"lazy\" decoding=\"async\" width=\"150\" height=\"150\" src=\"https:\/\/cartografiadadancadoacre.com.br\/wp-content\/uploads\/2016\/07\/3-Espetaculo-Prece-a-Terra_Dancando-no-ritmo_1999_foto-16-150x150.jpg\" class=\"attachment-thumbnail size-thumbnail\" alt=\"\" \/><\/a>\n\t\t\t<\/dt><\/dl><dl class='gallery-item'>\n\t\t\t<dt class='gallery-icon landscape'>\n\t\t\t\t<a href='https:\/\/cartografiadadancadoacre.com.br\/wp-content\/uploads\/2016\/07\/3-Espetaculo-Prece-a-Terra_Dancando-no-ritmo_1999_foto-17.jpg'><img loading=\"lazy\" decoding=\"async\" width=\"150\" height=\"150\" src=\"https:\/\/cartografiadadancadoacre.com.br\/wp-content\/uploads\/2016\/07\/3-Espetaculo-Prece-a-Terra_Dancando-no-ritmo_1999_foto-17-150x150.jpg\" class=\"attachment-thumbnail size-thumbnail\" alt=\"\" \/><\/a>\n\t\t\t<\/dt><\/dl><dl class='gallery-item'>\n\t\t\t<dt class='gallery-icon landscape'>\n\t\t\t\t<a href='https:\/\/cartografiadadancadoacre.com.br\/wp-content\/uploads\/2016\/07\/3-Espetaculo-Prece-a-Terra_Dancando-no-ritmo_1999_foto-18.jpg'><img loading=\"lazy\" decoding=\"async\" width=\"150\" height=\"150\" src=\"https:\/\/cartografiadadancadoacre.com.br\/wp-content\/uploads\/2016\/07\/3-Espetaculo-Prece-a-Terra_Dancando-no-ritmo_1999_foto-18-150x150.jpg\" class=\"attachment-thumbnail size-thumbnail\" alt=\"\" \/><\/a>\n\t\t\t<\/dt><\/dl><br style=\"clear: both\" \/><dl class='gallery-item'>\n\t\t\t<dt class='gallery-icon landscape'>\n\t\t\t\t<a href='https:\/\/cartografiadadancadoacre.com.br\/wp-content\/uploads\/2016\/07\/3-Espetaculo-Prece-a-Terra_Dancando-no-ritmo_1999_foto-19.jpg'><img loading=\"lazy\" decoding=\"async\" width=\"150\" height=\"150\" src=\"https:\/\/cartografiadadancadoacre.com.br\/wp-content\/uploads\/2016\/07\/3-Espetaculo-Prece-a-Terra_Dancando-no-ritmo_1999_foto-19-150x150.jpg\" class=\"attachment-thumbnail size-thumbnail\" alt=\"\" \/><\/a>\n\t\t\t<\/dt><\/dl>\n\t\t\t<br style='clear: both' \/>\n\t\t<\/div>\n\n<p style=\"text-align: center;\"><span id=\"m_811253596397404154yui_3_16_0_ym19_1_1503607540178_18452\">OBS: Todas as fotos foram doadas por artistas da cidade ao acervo.<\/span>\u00a0Caso reconhe\u00e7a o autor de alguma dessas fotos, por favor, entre em contato conosco, pois \u00e9 nosso interesse registrar e resguardar os direitos dos profissionais.<\/p>\n<h1>V\u00cdDEOS<\/h1>\n<p>Em constru\u00e7\u00e3o<\/p>\n<h1>PE\u00c7AS GR\u00c1FICAS<\/h1>\n<p><a href=\"http:\/\/cartografiadadancadoacre.com.br\/wp-content\/uploads\/2016\/07\/3-Espetaculo-Prece-a-Terra_Dancando-no-ritmo_1999_pecas-graficas_ingresso.jpg\" rel=\"attachment wp-att-1398\"><img loading=\"lazy\" decoding=\"async\" class=\"alignnone wp-image-1398 size-medium\" src=\"http:\/\/cartografiadadancadoacre.com.br\/wp-content\/uploads\/2016\/07\/3-Espetaculo-Prece-a-Terra_Dancando-no-ritmo_1999_pecas-graficas_ingresso-300x78.jpg\" alt=\"3 Espetaculo Prece a Terra_Dancando no ritmo_1999_pecas graficas_ingresso\" width=\"300\" height=\"78\" srcset=\"https:\/\/cartografiadadancadoacre.com.br\/wp-content\/uploads\/2016\/07\/3-Espetaculo-Prece-a-Terra_Dancando-no-ritmo_1999_pecas-graficas_ingresso-300x78.jpg 300w, https:\/\/cartografiadadancadoacre.com.br\/wp-content\/uploads\/2016\/07\/3-Espetaculo-Prece-a-Terra_Dancando-no-ritmo_1999_pecas-graficas_ingresso-768x200.jpg 768w, https:\/\/cartografiadadancadoacre.com.br\/wp-content\/uploads\/2016\/07\/3-Espetaculo-Prece-a-Terra_Dancando-no-ritmo_1999_pecas-graficas_ingresso-1024x267.jpg 1024w, https:\/\/cartografiadadancadoacre.com.br\/wp-content\/uploads\/2016\/07\/3-Espetaculo-Prece-a-Terra_Dancando-no-ritmo_1999_pecas-graficas_ingresso-1080x281.jpg 1080w\" sizes=\"(max-width: 300px) 100vw, 300px\" \/><\/a><\/p>\n<h1>LINKS<\/h1>\n<p>Em constru\u00e7\u00e3o.<\/p>\n<h1>MATERIAL NA IMPRENSA<\/h1>\n<p><a href=\"http:\/\/cartografiadadancadoacre.com.br\/wp-content\/uploads\/2016\/07\/3-Espetaculo-Prece-a-Terra_Dancando-no-ritmo_1999_material-na-imprensa-2-Copy.jpg\" rel=\"attachment wp-att-1399\"><img loading=\"lazy\" decoding=\"async\" class=\"alignnone wp-image-1399 size-large\" src=\"http:\/\/cartografiadadancadoacre.com.br\/wp-content\/uploads\/2016\/07\/3-Espetaculo-Prece-a-Terra_Dancando-no-ritmo_1999_material-na-imprensa-2-Copy-806x1024.jpg\" alt=\"3 Espetaculo Prece a Terra_Dancando no ritmo_1999_material na imprensa (2) (Copy)\" width=\"806\" height=\"1024\" srcset=\"https:\/\/cartografiadadancadoacre.com.br\/wp-content\/uploads\/2016\/07\/3-Espetaculo-Prece-a-Terra_Dancando-no-ritmo_1999_material-na-imprensa-2-Copy-806x1024.jpg 806w, https:\/\/cartografiadadancadoacre.com.br\/wp-content\/uploads\/2016\/07\/3-Espetaculo-Prece-a-Terra_Dancando-no-ritmo_1999_material-na-imprensa-2-Copy-236x300.jpg 236w, https:\/\/cartografiadadancadoacre.com.br\/wp-content\/uploads\/2016\/07\/3-Espetaculo-Prece-a-Terra_Dancando-no-ritmo_1999_material-na-imprensa-2-Copy-768x975.jpg 768w, https:\/\/cartografiadadancadoacre.com.br\/wp-content\/uploads\/2016\/07\/3-Espetaculo-Prece-a-Terra_Dancando-no-ritmo_1999_material-na-imprensa-2-Copy-1080x1372.jpg 1080w, https:\/\/cartografiadadancadoacre.com.br\/wp-content\/uploads\/2016\/07\/3-Espetaculo-Prece-a-Terra_Dancando-no-ritmo_1999_material-na-imprensa-2-Copy.jpg 1862w\" sizes=\"(max-width: 806px) 100vw, 806px\" \/><\/a><\/p>\n<p><a href=\"http:\/\/cartografiadadancadoacre.com.br\/wp-content\/uploads\/2016\/07\/3-Espetaculo-Prece-a-Terra_Dancando-no-ritmo_1999_material-na-imprensa-2.jpg\" rel=\"attachment wp-att-1400\"><img loading=\"lazy\" decoding=\"async\" class=\"alignnone wp-image-1400 size-large\" src=\"http:\/\/cartografiadadancadoacre.com.br\/wp-content\/uploads\/2016\/07\/3-Espetaculo-Prece-a-Terra_Dancando-no-ritmo_1999_material-na-imprensa-2-806x1024.jpg\" alt=\"3 Espetaculo Prece a Terra_Dancando no ritmo_1999_material na imprensa (2)\" width=\"806\" height=\"1024\" srcset=\"https:\/\/cartografiadadancadoacre.com.br\/wp-content\/uploads\/2016\/07\/3-Espetaculo-Prece-a-Terra_Dancando-no-ritmo_1999_material-na-imprensa-2-806x1024.jpg 806w, https:\/\/cartografiadadancadoacre.com.br\/wp-content\/uploads\/2016\/07\/3-Espetaculo-Prece-a-Terra_Dancando-no-ritmo_1999_material-na-imprensa-2-236x300.jpg 236w, https:\/\/cartografiadadancadoacre.com.br\/wp-content\/uploads\/2016\/07\/3-Espetaculo-Prece-a-Terra_Dancando-no-ritmo_1999_material-na-imprensa-2-768x976.jpg 768w, https:\/\/cartografiadadancadoacre.com.br\/wp-content\/uploads\/2016\/07\/3-Espetaculo-Prece-a-Terra_Dancando-no-ritmo_1999_material-na-imprensa-2-1080x1372.jpg 1080w, https:\/\/cartografiadadancadoacre.com.br\/wp-content\/uploads\/2016\/07\/3-Espetaculo-Prece-a-Terra_Dancando-no-ritmo_1999_material-na-imprensa-2.jpg 1500w\" sizes=\"(max-width: 806px) 100vw, 806px\" \/><\/a><\/p>\n","protected":false},"excerpt":{"rendered":"<p>Escola de Dan\u00e7a Dan\u00e7ando no Ritmo SINOPSE Na dan\u00e7a brasileira o movimento \u00e9 o pr\u00f3prio instrumento e a m\u00fasica em estado puro, com sutilezas que o tom n\u00e3o pode expressar. Este \u00e9 o Brasil brasileiro. \u00c9 o Brasil em sons num repert\u00f3rio que vai do popular ao cl\u00e1ssico. O pa\u00eds que Dan\u00e7ando no R\u00edtmo \u00e9 [&hellip;]<\/p>\n","protected":false},"author":1,"featured_media":0,"comment_status":"open","ping_status":"open","sticky":false,"template":"","format":"standard","meta":{"_et_pb_use_builder":"","_et_pb_old_content":"","_et_gb_content_width":"","footnotes":""},"categories":[2],"tags":[],"class_list":["post-1379","post","type-post","status-publish","format-standard","hentry","category-espetaculos"],"_links":{"self":[{"href":"https:\/\/cartografiadadancadoacre.com.br\/index.php?rest_route=\/wp\/v2\/posts\/1379","targetHints":{"allow":["GET"]}}],"collection":[{"href":"https:\/\/cartografiadadancadoacre.com.br\/index.php?rest_route=\/wp\/v2\/posts"}],"about":[{"href":"https:\/\/cartografiadadancadoacre.com.br\/index.php?rest_route=\/wp\/v2\/types\/post"}],"author":[{"embeddable":true,"href":"https:\/\/cartografiadadancadoacre.com.br\/index.php?rest_route=\/wp\/v2\/users\/1"}],"replies":[{"embeddable":true,"href":"https:\/\/cartografiadadancadoacre.com.br\/index.php?rest_route=%2Fwp%2Fv2%2Fcomments&post=1379"}],"version-history":[{"count":0,"href":"https:\/\/cartografiadadancadoacre.com.br\/index.php?rest_route=\/wp\/v2\/posts\/1379\/revisions"}],"wp:attachment":[{"href":"https:\/\/cartografiadadancadoacre.com.br\/index.php?rest_route=%2Fwp%2Fv2%2Fmedia&parent=1379"}],"wp:term":[{"taxonomy":"category","embeddable":true,"href":"https:\/\/cartografiadadancadoacre.com.br\/index.php?rest_route=%2Fwp%2Fv2%2Fcategories&post=1379"},{"taxonomy":"post_tag","embeddable":true,"href":"https:\/\/cartografiadadancadoacre.com.br\/index.php?rest_route=%2Fwp%2Fv2%2Ftags&post=1379"}],"curies":[{"name":"wp","href":"https:\/\/api.w.org\/{rel}","templated":true}]}}