{"id":1341,"date":"2016-07-08T19:42:36","date_gmt":"2016-07-08T19:42:36","guid":{"rendered":"http:\/\/cartografiadadancadoacre.com.br\/?p=1341"},"modified":"2017-09-13T21:49:24","modified_gmt":"2017-09-13T21:49:24","slug":"meu-brasil-brasileiro-1997","status":"publish","type":"post","link":"https:\/\/cartografiadadancadoacre.com.br\/?p=1341","title":{"rendered":"Meu Brasil Brasileiro (1997)"},"content":{"rendered":"<p><a href=\"http:\/\/cartografiadadancadoacre.com.br\/?p=1338\">Escola de Dan\u00e7a Dan\u00e7ando no Ritmo<\/a><\/p>\n<hr \/>\n<h1>SINOPSE<\/h1>\n<p>Na dan\u00e7a brasileira o movimento \u00e9 o pr\u00f3prio instrumento e a m\u00fasica em estado puro, com sutilezas que o tom n\u00e3o pode expressar. Este \u00e9 o Brasil brasileiro. \u00c9 o Brasil em sons num repert\u00f3rio que vai do popular ao cl\u00e1ssico. O pa\u00eds que Dan\u00e7ando no Ritmo \u00e9 visto por todos agora.\u00a0O Espet\u00e1culo pretende mostrar que com as m\u00fasicas e can\u00e7\u00f5es nacionais \u00e9 poss\u00edvel se fazer \u00f3timos n\u00fameros em diversos estilos. E tem como base as regi\u00f5es do pa\u00eds.<\/p>\n<p>FONTE: Texto fornecido por Lilian Pinho (Escola de Dan\u00e7a Dan\u00e7ando no Ritmo)<\/p>\n<h1>FICHA T\u00c9CNICA<\/h1>\n<p>Dire\u00e7\u00e3o Geral: Lilian Pinho e Lina Andrade<br \/>\nCoreografias: Lilian Pinho e Lina Andrade<br \/>\nEnsaios: Lilian Pinho e Lina Andrade<br \/>\nProjeto: Ivan Cl\u00e1udio<br \/>\nProdu\u00e7\u00e3o Musical: Paulo S\u00e9rgio<br \/>\nSonoplasta: Juca Lima e Alvaro Cesar<br \/>\nAdere\u00e7os: Kelly Cristina<br \/>\nProdu\u00e7\u00e3o Gr\u00e1fica: S\u00e9rgio Mac\u00eado<br \/>\nCenografia: Papy Moscoso<br \/>\nFigurinos: Lilian Pinho e Lina Andrade<br \/>\nConfec\u00e7\u00e3o (guarda-roupa): Nilza Nascimento, Marize Pontes Soares, Nazar\u00e9 Camely, Cida Visu, Nidi, F\u00e1tima Berro e Malharia Manasi.<\/p>\n<h1>FOTO<\/h1>\n\n\t\t<style type=\"text\/css\">\n\t\t\t#gallery-1 {\n\t\t\t\tmargin: auto;\n\t\t\t}\n\t\t\t#gallery-1 .gallery-item {\n\t\t\t\tfloat: left;\n\t\t\t\tmargin-top: 10px;\n\t\t\t\ttext-align: center;\n\t\t\t\twidth: 25%;\n\t\t\t}\n\t\t\t#gallery-1 img {\n\t\t\t\tborder: 2px solid #cfcfcf;\n\t\t\t}\n\t\t\t#gallery-1 .gallery-caption {\n\t\t\t\tmargin-left: 0;\n\t\t\t}\n\t\t\t\/* see gallery_shortcode() in wp-includes\/media.php *\/\n\t\t<\/style>\n\t\t<div id='gallery-1' class='gallery galleryid-1341 gallery-columns-4 gallery-size-thumbnail'><dl class='gallery-item'>\n\t\t\t<dt class='gallery-icon landscape'>\n\t\t\t\t<a href='https:\/\/cartografiadadancadoacre.com.br\/wp-content\/uploads\/2016\/07\/1-Espetaculo-Meu-Brasil-brasileiro_Dancando-no-ritmo_1997_Fotos-1.jpg'><img loading=\"lazy\" decoding=\"async\" width=\"150\" height=\"150\" src=\"https:\/\/cartografiadadancadoacre.com.br\/wp-content\/uploads\/2016\/07\/1-Espetaculo-Meu-Brasil-brasileiro_Dancando-no-ritmo_1997_Fotos-1-150x150.jpg\" class=\"attachment-thumbnail size-thumbnail\" alt=\"\" \/><\/a>\n\t\t\t<\/dt><\/dl><dl class='gallery-item'>\n\t\t\t<dt class='gallery-icon landscape'>\n\t\t\t\t<a href='https:\/\/cartografiadadancadoacre.com.br\/wp-content\/uploads\/2016\/07\/1-Espetaculo-Meu-Brasil-brasileiro_Dancando-no-ritmo_1997_Fotos-2.jpg'><img loading=\"lazy\" decoding=\"async\" width=\"150\" height=\"150\" src=\"https:\/\/cartografiadadancadoacre.com.br\/wp-content\/uploads\/2016\/07\/1-Espetaculo-Meu-Brasil-brasileiro_Dancando-no-ritmo_1997_Fotos-2-150x150.jpg\" class=\"attachment-thumbnail size-thumbnail\" alt=\"\" \/><\/a>\n\t\t\t<\/dt><\/dl><dl class='gallery-item'>\n\t\t\t<dt class='gallery-icon portrait'>\n\t\t\t\t<a href='https:\/\/cartografiadadancadoacre.com.br\/wp-content\/uploads\/2016\/07\/1-Espetaculo-Meu-Brasil-brasileiro_Dancando-no-ritmo_1997_Fotos-3.jpg'><img loading=\"lazy\" decoding=\"async\" width=\"150\" height=\"150\" src=\"https:\/\/cartografiadadancadoacre.com.br\/wp-content\/uploads\/2016\/07\/1-Espetaculo-Meu-Brasil-brasileiro_Dancando-no-ritmo_1997_Fotos-3-150x150.jpg\" class=\"attachment-thumbnail size-thumbnail\" alt=\"\" \/><\/a>\n\t\t\t<\/dt><\/dl><dl class='gallery-item'>\n\t\t\t<dt class='gallery-icon portrait'>\n\t\t\t\t<a href='https:\/\/cartografiadadancadoacre.com.br\/wp-content\/uploads\/2016\/07\/1-Espetaculo-Meu-Brasil-brasileiro_Dancando-no-ritmo_1997_Fotos-4.jpg'><img loading=\"lazy\" decoding=\"async\" width=\"150\" height=\"150\" src=\"https:\/\/cartografiadadancadoacre.com.br\/wp-content\/uploads\/2016\/07\/1-Espetaculo-Meu-Brasil-brasileiro_Dancando-no-ritmo_1997_Fotos-4-150x150.jpg\" class=\"attachment-thumbnail size-thumbnail\" alt=\"\" \/><\/a>\n\t\t\t<\/dt><\/dl><br style=\"clear: both\" \/><dl class='gallery-item'>\n\t\t\t<dt class='gallery-icon landscape'>\n\t\t\t\t<a href='https:\/\/cartografiadadancadoacre.com.br\/wp-content\/uploads\/2016\/07\/1-Espetaculo-Meu-Brasil-brasileiro_Dancando-no-ritmo_1997_Fotos-5.jpg'><img loading=\"lazy\" decoding=\"async\" width=\"150\" height=\"150\" src=\"https:\/\/cartografiadadancadoacre.com.br\/wp-content\/uploads\/2016\/07\/1-Espetaculo-Meu-Brasil-brasileiro_Dancando-no-ritmo_1997_Fotos-5-150x150.jpg\" class=\"attachment-thumbnail size-thumbnail\" alt=\"\" \/><\/a>\n\t\t\t<\/dt><\/dl><dl class='gallery-item'>\n\t\t\t<dt class='gallery-icon landscape'>\n\t\t\t\t<a href='https:\/\/cartografiadadancadoacre.com.br\/wp-content\/uploads\/2016\/07\/1-Espetaculo-Meu-Brasil-brasileiro_Dancando-no-ritmo_1997_Fotos-6.jpg'><img loading=\"lazy\" decoding=\"async\" width=\"150\" height=\"150\" src=\"https:\/\/cartografiadadancadoacre.com.br\/wp-content\/uploads\/2016\/07\/1-Espetaculo-Meu-Brasil-brasileiro_Dancando-no-ritmo_1997_Fotos-6-150x150.jpg\" class=\"attachment-thumbnail size-thumbnail\" alt=\"\" \/><\/a>\n\t\t\t<\/dt><\/dl><dl class='gallery-item'>\n\t\t\t<dt class='gallery-icon portrait'>\n\t\t\t\t<a href='https:\/\/cartografiadadancadoacre.com.br\/wp-content\/uploads\/2016\/07\/1-Espetaculo-Meu-Brasil-brasileiro_Dancando-no-ritmo_1997_Fotos-7.jpg'><img loading=\"lazy\" decoding=\"async\" width=\"150\" height=\"150\" src=\"https:\/\/cartografiadadancadoacre.com.br\/wp-content\/uploads\/2016\/07\/1-Espetaculo-Meu-Brasil-brasileiro_Dancando-no-ritmo_1997_Fotos-7-150x150.jpg\" class=\"attachment-thumbnail size-thumbnail\" alt=\"\" \/><\/a>\n\t\t\t<\/dt><\/dl><dl class='gallery-item'>\n\t\t\t<dt class='gallery-icon landscape'>\n\t\t\t\t<a href='https:\/\/cartografiadadancadoacre.com.br\/wp-content\/uploads\/2016\/07\/1-Espetaculo-Meu-Brasil-brasileiro_Dancando-no-ritmo_1997_Fotos-8.jpg'><img loading=\"lazy\" decoding=\"async\" width=\"150\" height=\"150\" src=\"https:\/\/cartografiadadancadoacre.com.br\/wp-content\/uploads\/2016\/07\/1-Espetaculo-Meu-Brasil-brasileiro_Dancando-no-ritmo_1997_Fotos-8-150x150.jpg\" class=\"attachment-thumbnail size-thumbnail\" alt=\"\" \/><\/a>\n\t\t\t<\/dt><\/dl><br style=\"clear: both\" \/><dl class='gallery-item'>\n\t\t\t<dt class='gallery-icon portrait'>\n\t\t\t\t<a href='https:\/\/cartografiadadancadoacre.com.br\/wp-content\/uploads\/2016\/07\/1-Espetaculo-Meu-Brasil-brasileiro_Dancando-no-ritmo_1997_Fotos-9.jpg'><img loading=\"lazy\" decoding=\"async\" width=\"150\" height=\"150\" src=\"https:\/\/cartografiadadancadoacre.com.br\/wp-content\/uploads\/2016\/07\/1-Espetaculo-Meu-Brasil-brasileiro_Dancando-no-ritmo_1997_Fotos-9-150x150.jpg\" class=\"attachment-thumbnail size-thumbnail\" alt=\"\" \/><\/a>\n\t\t\t<\/dt><\/dl><dl class='gallery-item'>\n\t\t\t<dt class='gallery-icon portrait'>\n\t\t\t\t<a href='https:\/\/cartografiadadancadoacre.com.br\/wp-content\/uploads\/2016\/07\/1-Espetaculo-Meu-Brasil-brasileiro_Dancando-no-ritmo_1997_Fotos-10.jpg'><img loading=\"lazy\" decoding=\"async\" width=\"150\" height=\"150\" src=\"https:\/\/cartografiadadancadoacre.com.br\/wp-content\/uploads\/2016\/07\/1-Espetaculo-Meu-Brasil-brasileiro_Dancando-no-ritmo_1997_Fotos-10-150x150.jpg\" class=\"attachment-thumbnail size-thumbnail\" alt=\"\" \/><\/a>\n\t\t\t<\/dt><\/dl><dl class='gallery-item'>\n\t\t\t<dt class='gallery-icon landscape'>\n\t\t\t\t<a href='https:\/\/cartografiadadancadoacre.com.br\/wp-content\/uploads\/2016\/07\/1-Espetaculo-Meu-Brasil-brasileiro_Dancando-no-ritmo_1997_Fotos-11.jpg'><img loading=\"lazy\" decoding=\"async\" width=\"150\" height=\"150\" src=\"https:\/\/cartografiadadancadoacre.com.br\/wp-content\/uploads\/2016\/07\/1-Espetaculo-Meu-Brasil-brasileiro_Dancando-no-ritmo_1997_Fotos-11-150x150.jpg\" class=\"attachment-thumbnail size-thumbnail\" alt=\"\" \/><\/a>\n\t\t\t<\/dt><\/dl><dl class='gallery-item'>\n\t\t\t<dt class='gallery-icon landscape'>\n\t\t\t\t<a href='https:\/\/cartografiadadancadoacre.com.br\/wp-content\/uploads\/2016\/07\/1-Espetaculo-Meu-Brasil-brasileiro_Dancando-no-ritmo_1997_Fotos-12.jpg'><img loading=\"lazy\" decoding=\"async\" width=\"150\" height=\"150\" src=\"https:\/\/cartografiadadancadoacre.com.br\/wp-content\/uploads\/2016\/07\/1-Espetaculo-Meu-Brasil-brasileiro_Dancando-no-ritmo_1997_Fotos-12-150x150.jpg\" class=\"attachment-thumbnail size-thumbnail\" alt=\"\" \/><\/a>\n\t\t\t<\/dt><\/dl><br style=\"clear: both\" \/><dl class='gallery-item'>\n\t\t\t<dt class='gallery-icon landscape'>\n\t\t\t\t<a href='https:\/\/cartografiadadancadoacre.com.br\/wp-content\/uploads\/2016\/07\/1-Espetaculo-Meu-Brasil-brasileiro_Dancando-no-ritmo_1997_Fotos-13.jpg'><img loading=\"lazy\" decoding=\"async\" width=\"150\" height=\"150\" src=\"https:\/\/cartografiadadancadoacre.com.br\/wp-content\/uploads\/2016\/07\/1-Espetaculo-Meu-Brasil-brasileiro_Dancando-no-ritmo_1997_Fotos-13-150x150.jpg\" class=\"attachment-thumbnail size-thumbnail\" alt=\"\" \/><\/a>\n\t\t\t<\/dt><\/dl><dl class='gallery-item'>\n\t\t\t<dt class='gallery-icon landscape'>\n\t\t\t\t<a href='https:\/\/cartografiadadancadoacre.com.br\/wp-content\/uploads\/2016\/07\/1-Espetaculo-Meu-Brasil-brasileiro_Dancando-no-ritmo_1997_Fotos-14.jpg'><img loading=\"lazy\" decoding=\"async\" width=\"150\" height=\"150\" src=\"https:\/\/cartografiadadancadoacre.com.br\/wp-content\/uploads\/2016\/07\/1-Espetaculo-Meu-Brasil-brasileiro_Dancando-no-ritmo_1997_Fotos-14-150x150.jpg\" class=\"attachment-thumbnail size-thumbnail\" alt=\"\" \/><\/a>\n\t\t\t<\/dt><\/dl><dl class='gallery-item'>\n\t\t\t<dt class='gallery-icon landscape'>\n\t\t\t\t<a href='https:\/\/cartografiadadancadoacre.com.br\/wp-content\/uploads\/2016\/07\/1-Espetaculo-Meu-Brasil-brasileiro_Dancando-no-ritmo_1997_Fotos-15.jpg'><img loading=\"lazy\" decoding=\"async\" width=\"150\" height=\"150\" src=\"https:\/\/cartografiadadancadoacre.com.br\/wp-content\/uploads\/2016\/07\/1-Espetaculo-Meu-Brasil-brasileiro_Dancando-no-ritmo_1997_Fotos-15-150x150.jpg\" class=\"attachment-thumbnail size-thumbnail\" alt=\"\" \/><\/a>\n\t\t\t<\/dt><\/dl><dl class='gallery-item'>\n\t\t\t<dt class='gallery-icon landscape'>\n\t\t\t\t<a href='https:\/\/cartografiadadancadoacre.com.br\/wp-content\/uploads\/2016\/07\/1-Espetaculo-Meu-Brasil-brasileiro_Dancando-no-ritmo_1997_Fotos-16.jpg'><img loading=\"lazy\" decoding=\"async\" width=\"150\" height=\"150\" src=\"https:\/\/cartografiadadancadoacre.com.br\/wp-content\/uploads\/2016\/07\/1-Espetaculo-Meu-Brasil-brasileiro_Dancando-no-ritmo_1997_Fotos-16-150x150.jpg\" class=\"attachment-thumbnail size-thumbnail\" alt=\"\" \/><\/a>\n\t\t\t<\/dt><\/dl><br style=\"clear: both\" \/>\n\t\t<\/div>\n\n<div id=\"m_4650315354493649781yui_3_16_0_ym19_1_1503607540178_18361\" dir=\"ltr\" style=\"text-align: center;\"><span id=\"m_4650315354493649781yui_3_16_0_ym19_1_1503607540178_18452\">OBS: Todas as fotos foram doadas por artistas da cidade ao acervo.<\/span>\u00a0Caso reconhe\u00e7a o autor de alguma dessas fotos, por favor, entre em contato conosco, pois \u00e9 nosso interesse registrar e resguardar os direitos dos profissionais.<\/div>\n<h1><\/h1>\n<h1>V\u00cdDEOS<\/h1>\n<p>Em constru\u00e7\u00e3o<\/p>\n<h1>PE\u00c7AS GR\u00c1FICAS<\/h1>\n<p><a href=\"http:\/\/cartografiadadancadoacre.com.br\/wp-content\/uploads\/2016\/07\/1-Espetaculo-Meu-Brasil-brasileiro_Dancando-no-ritmo_1997_pecas-graficas_ingresso.jpg\" rel=\"attachment wp-att-1360\"><img loading=\"lazy\" decoding=\"async\" class=\"alignnone size-medium wp-image-1360\" src=\"http:\/\/cartografiadadancadoacre.com.br\/wp-content\/uploads\/2016\/07\/1-Espetaculo-Meu-Brasil-brasileiro_Dancando-no-ritmo_1997_pecas-graficas_ingresso-300x95.jpg\" alt=\"1 Espetaculo Meu Brasil brasileiro_Dancando no ritmo_1997_pecas graficas_ingresso\" width=\"300\" height=\"95\" srcset=\"https:\/\/cartografiadadancadoacre.com.br\/wp-content\/uploads\/2016\/07\/1-Espetaculo-Meu-Brasil-brasileiro_Dancando-no-ritmo_1997_pecas-graficas_ingresso-300x95.jpg 300w, https:\/\/cartografiadadancadoacre.com.br\/wp-content\/uploads\/2016\/07\/1-Espetaculo-Meu-Brasil-brasileiro_Dancando-no-ritmo_1997_pecas-graficas_ingresso-768x243.jpg 768w, https:\/\/cartografiadadancadoacre.com.br\/wp-content\/uploads\/2016\/07\/1-Espetaculo-Meu-Brasil-brasileiro_Dancando-no-ritmo_1997_pecas-graficas_ingresso-1024x324.jpg 1024w, https:\/\/cartografiadadancadoacre.com.br\/wp-content\/uploads\/2016\/07\/1-Espetaculo-Meu-Brasil-brasileiro_Dancando-no-ritmo_1997_pecas-graficas_ingresso-1080x342.jpg 1080w\" sizes=\"(max-width: 300px) 100vw, 300px\" \/><\/a><\/p>\n<p><a href=\"http:\/\/cartografiadadancadoacre.com.br\/wp-content\/uploads\/2016\/07\/1-Espetaculo-Meu-Brasil-brasileiro_Dancando-no-ritmo_1997_pecas-graficas_folder.jpg\" rel=\"attachment wp-att-1359\"><img loading=\"lazy\" decoding=\"async\" class=\"alignnone wp-image-1359 size-large\" src=\"http:\/\/cartografiadadancadoacre.com.br\/wp-content\/uploads\/2016\/07\/1-Espetaculo-Meu-Brasil-brasileiro_Dancando-no-ritmo_1997_pecas-graficas_folder-722x1024.jpg\" alt=\"1 Espetaculo Meu Brasil brasileiro_Dancando no ritmo_1997_pecas graficas_folder\" width=\"722\" height=\"1024\" srcset=\"https:\/\/cartografiadadancadoacre.com.br\/wp-content\/uploads\/2016\/07\/1-Espetaculo-Meu-Brasil-brasileiro_Dancando-no-ritmo_1997_pecas-graficas_folder-722x1024.jpg 722w, https:\/\/cartografiadadancadoacre.com.br\/wp-content\/uploads\/2016\/07\/1-Espetaculo-Meu-Brasil-brasileiro_Dancando-no-ritmo_1997_pecas-graficas_folder-212x300.jpg 212w, https:\/\/cartografiadadancadoacre.com.br\/wp-content\/uploads\/2016\/07\/1-Espetaculo-Meu-Brasil-brasileiro_Dancando-no-ritmo_1997_pecas-graficas_folder-768x1089.jpg 768w, https:\/\/cartografiadadancadoacre.com.br\/wp-content\/uploads\/2016\/07\/1-Espetaculo-Meu-Brasil-brasileiro_Dancando-no-ritmo_1997_pecas-graficas_folder-1080x1531.jpg 1080w, https:\/\/cartografiadadancadoacre.com.br\/wp-content\/uploads\/2016\/07\/1-Espetaculo-Meu-Brasil-brasileiro_Dancando-no-ritmo_1997_pecas-graficas_folder.jpg 1500w\" sizes=\"(max-width: 722px) 100vw, 722px\" \/><\/a><\/p>\n<p><a href=\"http:\/\/cartografiadadancadoacre.com.br\/wp-content\/uploads\/2016\/07\/1-Espetaculo-Meu-Brasil-brasileiro_Dancando-no-ritmo_1997_pecas-graficas_cartaz-Copy.jpg\" rel=\"attachment wp-att-1358\"><img loading=\"lazy\" decoding=\"async\" class=\"alignnone size-medium wp-image-1358\" src=\"http:\/\/cartografiadadancadoacre.com.br\/wp-content\/uploads\/2016\/07\/1-Espetaculo-Meu-Brasil-brasileiro_Dancando-no-ritmo_1997_pecas-graficas_cartaz-Copy-217x300.jpg\" alt=\"1 Espetaculo Meu Brasil brasileiro_Dancando no ritmo_1997_pecas graficas_cartaz (Copy)\" width=\"217\" height=\"300\" srcset=\"https:\/\/cartografiadadancadoacre.com.br\/wp-content\/uploads\/2016\/07\/1-Espetaculo-Meu-Brasil-brasileiro_Dancando-no-ritmo_1997_pecas-graficas_cartaz-Copy-217x300.jpg 217w, https:\/\/cartografiadadancadoacre.com.br\/wp-content\/uploads\/2016\/07\/1-Espetaculo-Meu-Brasil-brasileiro_Dancando-no-ritmo_1997_pecas-graficas_cartaz-Copy-768x1064.jpg 768w, https:\/\/cartografiadadancadoacre.com.br\/wp-content\/uploads\/2016\/07\/1-Espetaculo-Meu-Brasil-brasileiro_Dancando-no-ritmo_1997_pecas-graficas_cartaz-Copy-739x1024.jpg 739w, https:\/\/cartografiadadancadoacre.com.br\/wp-content\/uploads\/2016\/07\/1-Espetaculo-Meu-Brasil-brasileiro_Dancando-no-ritmo_1997_pecas-graficas_cartaz-Copy-1080x1496.jpg 1080w, https:\/\/cartografiadadancadoacre.com.br\/wp-content\/uploads\/2016\/07\/1-Espetaculo-Meu-Brasil-brasileiro_Dancando-no-ritmo_1997_pecas-graficas_cartaz-Copy.jpg 1754w\" sizes=\"(max-width: 217px) 100vw, 217px\" \/><\/a><\/p>\n<h1>LINKS<\/h1>\n<p>Em constru\u00e7\u00e3o.<\/p>\n<h1>MATERIAL NA IMPRENSA<\/h1>\n<p><a href=\"http:\/\/cartografiadadancadoacre.com.br\/wp-content\/uploads\/2016\/07\/1-Espetaculo-Meu-Brasil-brasileiro_Dancando-no-ritmo_1997_Material-na-imprensa-1.jpg\" rel=\"attachment wp-att-1361\"><img loading=\"lazy\" decoding=\"async\" class=\"alignnone size-medium wp-image-1361\" src=\"http:\/\/cartografiadadancadoacre.com.br\/wp-content\/uploads\/2016\/07\/1-Espetaculo-Meu-Brasil-brasileiro_Dancando-no-ritmo_1997_Material-na-imprensa-1-180x300.jpg\" alt=\"1 Espetaculo Meu Brasil brasileiro_Dancando no ritmo_1997_Material na imprensa (1)\" width=\"180\" height=\"300\" srcset=\"https:\/\/cartografiadadancadoacre.com.br\/wp-content\/uploads\/2016\/07\/1-Espetaculo-Meu-Brasil-brasileiro_Dancando-no-ritmo_1997_Material-na-imprensa-1-180x300.jpg 180w, https:\/\/cartografiadadancadoacre.com.br\/wp-content\/uploads\/2016\/07\/1-Espetaculo-Meu-Brasil-brasileiro_Dancando-no-ritmo_1997_Material-na-imprensa-1-768x1277.jpg 768w, https:\/\/cartografiadadancadoacre.com.br\/wp-content\/uploads\/2016\/07\/1-Espetaculo-Meu-Brasil-brasileiro_Dancando-no-ritmo_1997_Material-na-imprensa-1-616x1024.jpg 616w, https:\/\/cartografiadadancadoacre.com.br\/wp-content\/uploads\/2016\/07\/1-Espetaculo-Meu-Brasil-brasileiro_Dancando-no-ritmo_1997_Material-na-imprensa-1-1080x1796.jpg 1080w, https:\/\/cartografiadadancadoacre.com.br\/wp-content\/uploads\/2016\/07\/1-Espetaculo-Meu-Brasil-brasileiro_Dancando-no-ritmo_1997_Material-na-imprensa-1.jpg 1987w\" sizes=\"(max-width: 180px) 100vw, 180px\" \/><\/a><\/p>\n<p><a href=\"http:\/\/cartografiadadancadoacre.com.br\/wp-content\/uploads\/2016\/07\/1-Espetaculo-Meu-Brasil-brasileiro_Dancando-no-ritmo_1997_Material-na-imprensa-2.jpg\" rel=\"attachment wp-att-1362\"><img loading=\"lazy\" decoding=\"async\" class=\"alignnone size-medium wp-image-1362\" src=\"http:\/\/cartografiadadancadoacre.com.br\/wp-content\/uploads\/2016\/07\/1-Espetaculo-Meu-Brasil-brasileiro_Dancando-no-ritmo_1997_Material-na-imprensa-2-300x249.jpg\" alt=\"1 Espetaculo Meu Brasil brasileiro_Dancando no ritmo_1997_Material na imprensa (2)\" width=\"300\" height=\"249\" srcset=\"https:\/\/cartografiadadancadoacre.com.br\/wp-content\/uploads\/2016\/07\/1-Espetaculo-Meu-Brasil-brasileiro_Dancando-no-ritmo_1997_Material-na-imprensa-2-300x249.jpg 300w, https:\/\/cartografiadadancadoacre.com.br\/wp-content\/uploads\/2016\/07\/1-Espetaculo-Meu-Brasil-brasileiro_Dancando-no-ritmo_1997_Material-na-imprensa-2-768x637.jpg 768w, https:\/\/cartografiadadancadoacre.com.br\/wp-content\/uploads\/2016\/07\/1-Espetaculo-Meu-Brasil-brasileiro_Dancando-no-ritmo_1997_Material-na-imprensa-2-1024x849.jpg 1024w, https:\/\/cartografiadadancadoacre.com.br\/wp-content\/uploads\/2016\/07\/1-Espetaculo-Meu-Brasil-brasileiro_Dancando-no-ritmo_1997_Material-na-imprensa-2-1080x896.jpg 1080w, https:\/\/cartografiadadancadoacre.com.br\/wp-content\/uploads\/2016\/07\/1-Espetaculo-Meu-Brasil-brasileiro_Dancando-no-ritmo_1997_Material-na-imprensa-2.jpg 1862w\" sizes=\"(max-width: 300px) 100vw, 300px\" \/><\/a><\/p>\n<p><a href=\"http:\/\/cartografiadadancadoacre.com.br\/wp-content\/uploads\/2016\/07\/1-Espetaculo-Meu-Brasil-brasileiro_Dancando-no-ritmo_1997_Material-na-imprensa-3.jpg\" rel=\"attachment wp-att-1363\"><img loading=\"lazy\" decoding=\"async\" class=\"alignnone size-medium wp-image-1363\" src=\"http:\/\/cartografiadadancadoacre.com.br\/wp-content\/uploads\/2016\/07\/1-Espetaculo-Meu-Brasil-brasileiro_Dancando-no-ritmo_1997_Material-na-imprensa-3-300x166.jpg\" alt=\"1 Espetaculo Meu Brasil brasileiro_Dancando no ritmo_1997_Material na imprensa (3)\" width=\"300\" height=\"166\" srcset=\"https:\/\/cartografiadadancadoacre.com.br\/wp-content\/uploads\/2016\/07\/1-Espetaculo-Meu-Brasil-brasileiro_Dancando-no-ritmo_1997_Material-na-imprensa-3-300x166.jpg 300w, https:\/\/cartografiadadancadoacre.com.br\/wp-content\/uploads\/2016\/07\/1-Espetaculo-Meu-Brasil-brasileiro_Dancando-no-ritmo_1997_Material-na-imprensa-3-768x425.jpg 768w, https:\/\/cartografiadadancadoacre.com.br\/wp-content\/uploads\/2016\/07\/1-Espetaculo-Meu-Brasil-brasileiro_Dancando-no-ritmo_1997_Material-na-imprensa-3-1024x567.jpg 1024w, https:\/\/cartografiadadancadoacre.com.br\/wp-content\/uploads\/2016\/07\/1-Espetaculo-Meu-Brasil-brasileiro_Dancando-no-ritmo_1997_Material-na-imprensa-3-1080x598.jpg 1080w\" sizes=\"(max-width: 300px) 100vw, 300px\" \/><\/a><\/p>\n<p><a href=\"http:\/\/cartografiadadancadoacre.com.br\/wp-content\/uploads\/2016\/07\/1-Espetaculo-Meu-Brasil-brasileiro_Dancando-no-ritmo_1997_Material-na-imprensa-4-Copy.jpg\" rel=\"attachment wp-att-1364\"><img loading=\"lazy\" decoding=\"async\" class=\"alignnone size-medium wp-image-1364\" src=\"http:\/\/cartografiadadancadoacre.com.br\/wp-content\/uploads\/2016\/07\/1-Espetaculo-Meu-Brasil-brasileiro_Dancando-no-ritmo_1997_Material-na-imprensa-4-Copy-300x214.jpg\" alt=\"1 Espetaculo Meu Brasil brasileiro_Dancando no ritmo_1997_Material na imprensa (4) (Copy)\" width=\"300\" height=\"214\" srcset=\"https:\/\/cartografiadadancadoacre.com.br\/wp-content\/uploads\/2016\/07\/1-Espetaculo-Meu-Brasil-brasileiro_Dancando-no-ritmo_1997_Material-na-imprensa-4-Copy-300x214.jpg 300w, https:\/\/cartografiadadancadoacre.com.br\/wp-content\/uploads\/2016\/07\/1-Espetaculo-Meu-Brasil-brasileiro_Dancando-no-ritmo_1997_Material-na-imprensa-4-Copy-768x548.jpg 768w, https:\/\/cartografiadadancadoacre.com.br\/wp-content\/uploads\/2016\/07\/1-Espetaculo-Meu-Brasil-brasileiro_Dancando-no-ritmo_1997_Material-na-imprensa-4-Copy-1024x730.jpg 1024w, https:\/\/cartografiadadancadoacre.com.br\/wp-content\/uploads\/2016\/07\/1-Espetaculo-Meu-Brasil-brasileiro_Dancando-no-ritmo_1997_Material-na-imprensa-4-Copy-400x284.jpg 400w, https:\/\/cartografiadadancadoacre.com.br\/wp-content\/uploads\/2016\/07\/1-Espetaculo-Meu-Brasil-brasileiro_Dancando-no-ritmo_1997_Material-na-imprensa-4-Copy-1080x770.jpg 1080w\" sizes=\"(max-width: 300px) 100vw, 300px\" \/><\/a><\/p>\n<p><a href=\"http:\/\/cartografiadadancadoacre.com.br\/wp-content\/uploads\/2016\/07\/1-Espetaculo-Meu-Brasil-brasileiro_Dancando-no-ritmo_1997_Material-na-imprensa-5-Copy.jpg\" rel=\"attachment wp-att-1365\"><img loading=\"lazy\" decoding=\"async\" class=\"alignnone size-medium wp-image-1365\" src=\"http:\/\/cartografiadadancadoacre.com.br\/wp-content\/uploads\/2016\/07\/1-Espetaculo-Meu-Brasil-brasileiro_Dancando-no-ritmo_1997_Material-na-imprensa-5-Copy-300x218.jpg\" alt=\"1 Espetaculo Meu Brasil brasileiro_Dancando no ritmo_1997_Material na imprensa (5) (Copy)\" width=\"300\" height=\"218\" srcset=\"https:\/\/cartografiadadancadoacre.com.br\/wp-content\/uploads\/2016\/07\/1-Espetaculo-Meu-Brasil-brasileiro_Dancando-no-ritmo_1997_Material-na-imprensa-5-Copy-300x218.jpg 300w, https:\/\/cartografiadadancadoacre.com.br\/wp-content\/uploads\/2016\/07\/1-Espetaculo-Meu-Brasil-brasileiro_Dancando-no-ritmo_1997_Material-na-imprensa-5-Copy-768x558.jpg 768w, https:\/\/cartografiadadancadoacre.com.br\/wp-content\/uploads\/2016\/07\/1-Espetaculo-Meu-Brasil-brasileiro_Dancando-no-ritmo_1997_Material-na-imprensa-5-Copy-1024x744.jpg 1024w, https:\/\/cartografiadadancadoacre.com.br\/wp-content\/uploads\/2016\/07\/1-Espetaculo-Meu-Brasil-brasileiro_Dancando-no-ritmo_1997_Material-na-imprensa-5-Copy-1080x785.jpg 1080w\" sizes=\"(max-width: 300px) 100vw, 300px\" \/><\/a><\/p>\n","protected":false},"excerpt":{"rendered":"<p>Escola de Dan\u00e7a Dan\u00e7ando no Ritmo SINOPSE Na dan\u00e7a brasileira o movimento \u00e9 o pr\u00f3prio instrumento e a m\u00fasica em estado puro, com sutilezas que o tom n\u00e3o pode expressar. Este \u00e9 o Brasil brasileiro. \u00c9 o Brasil em sons num repert\u00f3rio que vai do popular ao cl\u00e1ssico. O pa\u00eds que Dan\u00e7ando no Ritmo \u00e9 [&hellip;]<\/p>\n","protected":false},"author":1,"featured_media":0,"comment_status":"open","ping_status":"open","sticky":false,"template":"","format":"standard","meta":{"_et_pb_use_builder":"","_et_pb_old_content":"","_et_gb_content_width":"","footnotes":""},"categories":[2],"tags":[],"class_list":["post-1341","post","type-post","status-publish","format-standard","hentry","category-espetaculos"],"_links":{"self":[{"href":"https:\/\/cartografiadadancadoacre.com.br\/index.php?rest_route=\/wp\/v2\/posts\/1341","targetHints":{"allow":["GET"]}}],"collection":[{"href":"https:\/\/cartografiadadancadoacre.com.br\/index.php?rest_route=\/wp\/v2\/posts"}],"about":[{"href":"https:\/\/cartografiadadancadoacre.com.br\/index.php?rest_route=\/wp\/v2\/types\/post"}],"author":[{"embeddable":true,"href":"https:\/\/cartografiadadancadoacre.com.br\/index.php?rest_route=\/wp\/v2\/users\/1"}],"replies":[{"embeddable":true,"href":"https:\/\/cartografiadadancadoacre.com.br\/index.php?rest_route=%2Fwp%2Fv2%2Fcomments&post=1341"}],"version-history":[{"count":0,"href":"https:\/\/cartografiadadancadoacre.com.br\/index.php?rest_route=\/wp\/v2\/posts\/1341\/revisions"}],"wp:attachment":[{"href":"https:\/\/cartografiadadancadoacre.com.br\/index.php?rest_route=%2Fwp%2Fv2%2Fmedia&parent=1341"}],"wp:term":[{"taxonomy":"category","embeddable":true,"href":"https:\/\/cartografiadadancadoacre.com.br\/index.php?rest_route=%2Fwp%2Fv2%2Fcategories&post=1341"},{"taxonomy":"post_tag","embeddable":true,"href":"https:\/\/cartografiadadancadoacre.com.br\/index.php?rest_route=%2Fwp%2Fv2%2Ftags&post=1341"}],"curies":[{"name":"wp","href":"https:\/\/api.w.org\/{rel}","templated":true}]}}