{"id":1338,"date":"2016-07-08T19:01:27","date_gmt":"2016-07-08T19:01:27","guid":{"rendered":"http:\/\/cartografiadadancadoacre.com.br\/?p=1338"},"modified":"2020-09-12T19:50:21","modified_gmt":"2020-09-12T19:50:21","slug":"escola-de-danca-dancando-no-ritmo","status":"publish","type":"post","link":"https:\/\/cartografiadadancadoacre.com.br\/?p=1338","title":{"rendered":"Escola de Dan\u00e7a Dan\u00e7ando no Ritmo (Rio Branco)"},"content":{"rendered":"<div class=\"entry-content\">\n<h1>SOBRE<\/h1>\n<p>A Escola de Dan\u00e7a Dan\u00e7ando no Ritmo \u00e9 uma empresa, com atua\u00e7\u00e3o na \u00e1rea da dan\u00e7a na cidade de Rio Branco (AC). Fundada em 1997 atrav\u00e9s das professoras Lina M\u00e1rcia e Lilian Pinho ofereceu cursos de jazz, ballet e sapateado. Tem em seu portf\u00f3lio dezessete espet\u00e1culos de dan\u00e7a que ocorreram entre os anos de 1997 a 2014.<\/p>\n<p>FONTE: Texto fornecido por Lilian Pinho (Escola de Dan\u00e7a Dan\u00e7ando no Ritmo)<\/p>\n<h1>ESPET\u00c1CULOS<\/h1>\n<p><a href=\"http:\/\/cartografiadadancadoacre.com.br\/?p=1591\">Meninas (2014)<\/a><\/p>\n<p><a href=\"http:\/\/cartografiadadancadoacre.com.br\/?p=1590\">Quebra Nozes\u00a0(2013)<\/a><\/p>\n<p><a href=\"http:\/\/cartografiadadancadoacre.com.br\/?p=1589\">As Quatro Esta\u00e7\u00f5es\u00a0(2012)<\/a><\/p>\n<p><a href=\"http:\/\/cartografiadadancadoacre.com.br\/?p=1561\">A Princesa Anast\u00e1cia\u00a0(2011)<\/a><\/p>\n<p><a href=\"http:\/\/cartografiadadancadoacre.com.br\/?p=1564\">Uma Volta ao Mundo (2010)<\/a><\/p>\n<p><a href=\"http:\/\/cartografiadadancadoacre.com.br\/?p=1509\">Pr\u00edncipe do Egito (2009)<\/a><\/p>\n<p><a href=\"http:\/\/cartografiadadancadoacre.com.br\/?p=1446\">Dan\u00e7ando no Ritmo do Rock&#8217;n Roll \u00e0 Discoteca (2007)<\/a><\/p>\n<p><a href=\"http:\/\/cartografiadadancadoacre.com.br\/?p=1445\">O Mundo M\u00e1gico de Peter Pan (2006)<\/a><\/p>\n<p><a href=\"http:\/\/cartografiadadancadoacre.com.br\/?p=1444\">Cear\u00e1 Terra de Luz (2005)<\/a><\/p>\n<p><a href=\"http:\/\/cartografiadadancadoacre.com.br\/?p=1433\">Casa Grande &amp; Senzala\u00a0(2004)<\/a><\/p>\n<p><a href=\"http:\/\/cartografiadadancadoacre.com.br\/?p=1428\">Vit\u00f3ria Regia (2003)<\/a><\/p>\n<p><a href=\"http:\/\/cartografiadadancadoacre.com.br\/?p=1427\">Branca de Neve e os Sete An\u00f5es\u00a0(2002)<\/a><\/p>\n<p><a href=\"http:\/\/cartografiadadancadoacre.com.br\/?p=1402\">Controle Remoto\u00a0(2001)<\/a><\/p>\n<p><a href=\"http:\/\/cartografiadadancadoacre.com.br\/?p=1380\">The Trip\u00a0(2000)<\/a><\/p>\n<p><a href=\"http:\/\/cartografiadadancadoacre.com.br\/?p=1379\">Prece a Terra\u00a0(1999)<\/a><\/p>\n<p><a href=\"http:\/\/cartografiadadancadoacre.com.br\/?p=1368\">O Circo (1998)<\/a><\/p>\n<p><a href=\"http:\/\/cartografiadadancadoacre.com.br\/?p=1341\">Meu Brasil Brasileiro (1997)<\/a>\n<\/div>\n","protected":false},"excerpt":{"rendered":"<p>SOBRE A Escola de Dan\u00e7a Dan\u00e7ando no Ritmo \u00e9 uma empresa, com atua\u00e7\u00e3o na \u00e1rea da dan\u00e7a na cidade de Rio Branco (AC). Fundada em 1997 atrav\u00e9s das professoras Lina M\u00e1rcia e Lilian Pinho ofereceu cursos de jazz, ballet e sapateado. Tem em seu portf\u00f3lio dezessete espet\u00e1culos de dan\u00e7a que ocorreram entre os anos de [&hellip;]<\/p>\n","protected":false},"author":1,"featured_media":0,"comment_status":"open","ping_status":"open","sticky":false,"template":"","format":"standard","meta":{"_et_pb_use_builder":"","_et_pb_old_content":"","_et_gb_content_width":"","footnotes":""},"categories":[5],"tags":[],"class_list":["post-1338","post","type-post","status-publish","format-standard","hentry","category-grupos"],"_links":{"self":[{"href":"https:\/\/cartografiadadancadoacre.com.br\/index.php?rest_route=\/wp\/v2\/posts\/1338","targetHints":{"allow":["GET"]}}],"collection":[{"href":"https:\/\/cartografiadadancadoacre.com.br\/index.php?rest_route=\/wp\/v2\/posts"}],"about":[{"href":"https:\/\/cartografiadadancadoacre.com.br\/index.php?rest_route=\/wp\/v2\/types\/post"}],"author":[{"embeddable":true,"href":"https:\/\/cartografiadadancadoacre.com.br\/index.php?rest_route=\/wp\/v2\/users\/1"}],"replies":[{"embeddable":true,"href":"https:\/\/cartografiadadancadoacre.com.br\/index.php?rest_route=%2Fwp%2Fv2%2Fcomments&post=1338"}],"version-history":[{"count":1,"href":"https:\/\/cartografiadadancadoacre.com.br\/index.php?rest_route=\/wp\/v2\/posts\/1338\/revisions"}],"predecessor-version":[{"id":4927,"href":"https:\/\/cartografiadadancadoacre.com.br\/index.php?rest_route=\/wp\/v2\/posts\/1338\/revisions\/4927"}],"wp:attachment":[{"href":"https:\/\/cartografiadadancadoacre.com.br\/index.php?rest_route=%2Fwp%2Fv2%2Fmedia&parent=1338"}],"wp:term":[{"taxonomy":"category","embeddable":true,"href":"https:\/\/cartografiadadancadoacre.com.br\/index.php?rest_route=%2Fwp%2Fv2%2Fcategories&post=1338"},{"taxonomy":"post_tag","embeddable":true,"href":"https:\/\/cartografiadadancadoacre.com.br\/index.php?rest_route=%2Fwp%2Fv2%2Ftags&post=1338"}],"curies":[{"name":"wp","href":"https:\/\/api.w.org\/{rel}","templated":true}]}}